{"id":639,"date":"2015-10-22T21:16:35","date_gmt":"2015-10-23T00:16:35","guid":{"rendered":"https:\/\/saoluiz.uri.br\/wordpress\/?p=639"},"modified":"2015-10-22T21:16:35","modified_gmt":"2015-10-23T00:16:35","slug":"professores-e-academicos-da-uri-sao-luiz-gonzaga-participaram-de-seminario-de-iniciacao-cientifica","status":"publish","type":"post","link":"https:\/\/saoluiz.uri.br\/wordpress\/index.php\/2015\/10\/22\/professores-e-academicos-da-uri-sao-luiz-gonzaga-participaram-de-seminario-de-iniciacao-cientifica\/","title":{"rendered":"Professores e Acad\u00eamicos da URI \u2013 S\u00e3o Luiz Gonzaga participaram de Semin\u00e1rio de Inicia\u00e7\u00e3o Cient\u00edfica"},"content":{"rendered":"<p><strong>Evento ocorreu nesta quinta-feira (22) em Santo \u00c2ngelo.<br \/>\n<\/strong><\/p>\n<p>O XXI Semin\u00e1rio Institucional de Inicia\u00e7\u00e3o Cient\u00edfica, o XIII Semin\u00e1rio de Extens\u00e3o, o XIX Semin\u00e1rio de Integra\u00e7\u00e3o em Pesquisa e P\u00f3s-Gradua\u00e7\u00e3o e o III Col\u00f3quio Tecnol\u00f3gico da URI foi realizado em Santo \u00c2ngelo nesta quinta-feira. O objetivo do evento \u00e9 oportunizar espa\u00e7o de socializa\u00e7\u00e3o, conhecimento e integra\u00e7\u00e3o de pesquisa e extens\u00e3o entre a URI e outras IES, comunidade regional, nacional e internacional.<\/p>\n<p>A URI \u2013 S\u00e3o Luiz Gonzaga esteve presente com seus professores e bolsistas de pesquisa e extens\u00e3o, os quais, apresentaram trabalhos durante o semin\u00e1rio. O tema do evento esse ano foi \u00a0\u201c\u00c9tica, Ci\u00eancia e Cidadania no fazer-se Universidade\u201d.<\/p>\n<div id='gallery-1' class='gallery galleryid-639 gallery-columns-3 gallery-size-thumbnail'><figure class='gallery-item'>\n\t\t\t<div class='gallery-icon portrait'>\n\t\t\t\t<a href='https:\/\/saoluiz.uri.br\/wordpress\/index.php\/2015\/10\/22\/professores-e-academicos-da-uri-sao-luiz-gonzaga-participaram-de-seminario-de-iniciacao-cientifica\/img_9572\/'><img loading=\"lazy\" decoding=\"async\" width=\"150\" height=\"150\" src=\"https:\/\/saoluiz.uri.br\/wordpress\/wp-content\/uploads\/2015\/10\/IMG_9572-150x150.jpg\" class=\"attachment-thumbnail size-thumbnail\" alt=\"\" \/><\/a>\n\t\t\t<\/div><\/figure><figure class='gallery-item'>\n\t\t\t<div class='gallery-icon landscape'>\n\t\t\t\t<a href='https:\/\/saoluiz.uri.br\/wordpress\/index.php\/2015\/10\/22\/professores-e-academicos-da-uri-sao-luiz-gonzaga-participaram-de-seminario-de-iniciacao-cientifica\/img_9573\/'><img loading=\"lazy\" decoding=\"async\" width=\"150\" height=\"150\" src=\"https:\/\/saoluiz.uri.br\/wordpress\/wp-content\/uploads\/2015\/10\/IMG_9573-150x150.jpg\" class=\"attachment-thumbnail size-thumbnail\" alt=\"\" \/><\/a>\n\t\t\t<\/div><\/figure><figure class='gallery-item'>\n\t\t\t<div class='gallery-icon landscape'>\n\t\t\t\t<a href='https:\/\/saoluiz.uri.br\/wordpress\/index.php\/2015\/10\/22\/professores-e-academicos-da-uri-sao-luiz-gonzaga-participaram-de-seminario-de-iniciacao-cientifica\/img_9574\/'><img loading=\"lazy\" decoding=\"async\" width=\"150\" height=\"150\" src=\"https:\/\/saoluiz.uri.br\/wordpress\/wp-content\/uploads\/2015\/10\/IMG_9574-150x150.jpg\" class=\"attachment-thumbnail size-thumbnail\" alt=\"\" \/><\/a>\n\t\t\t<\/div><\/figure><figure class='gallery-item'>\n\t\t\t<div class='gallery-icon landscape'>\n\t\t\t\t<a href='https:\/\/saoluiz.uri.br\/wordpress\/index.php\/2015\/10\/22\/professores-e-academicos-da-uri-sao-luiz-gonzaga-participaram-de-seminario-de-iniciacao-cientifica\/img_9575\/'><img loading=\"lazy\" decoding=\"async\" width=\"150\" height=\"150\" src=\"https:\/\/saoluiz.uri.br\/wordpress\/wp-content\/uploads\/2015\/10\/IMG_9575-150x150.jpg\" class=\"attachment-thumbnail size-thumbnail\" alt=\"\" \/><\/a>\n\t\t\t<\/div><\/figure><figure class='gallery-item'>\n\t\t\t<div class='gallery-icon landscape'>\n\t\t\t\t<a href='https:\/\/saoluiz.uri.br\/wordpress\/index.php\/2015\/10\/22\/professores-e-academicos-da-uri-sao-luiz-gonzaga-participaram-de-seminario-de-iniciacao-cientifica\/img_9577\/'><img loading=\"lazy\" decoding=\"async\" width=\"150\" height=\"150\" src=\"https:\/\/saoluiz.uri.br\/wordpress\/wp-content\/uploads\/2015\/10\/IMG_9577-150x150.jpg\" class=\"attachment-thumbnail size-thumbnail\" alt=\"\" \/><\/a>\n\t\t\t<\/div><\/figure><figure class='gallery-item'>\n\t\t\t<div class='gallery-icon landscape'>\n\t\t\t\t<a href='https:\/\/saoluiz.uri.br\/wordpress\/index.php\/2015\/10\/22\/professores-e-academicos-da-uri-sao-luiz-gonzaga-participaram-de-seminario-de-iniciacao-cientifica\/img_9578\/'><img loading=\"lazy\" decoding=\"async\" width=\"150\" height=\"150\" src=\"https:\/\/saoluiz.uri.br\/wordpress\/wp-content\/uploads\/2015\/10\/IMG_9578-150x150.jpg\" class=\"attachment-thumbnail size-thumbnail\" alt=\"\" \/><\/a>\n\t\t\t<\/div><\/figure><figure class='gallery-item'>\n\t\t\t<div class='gallery-icon landscape'>\n\t\t\t\t<a href='https:\/\/saoluiz.uri.br\/wordpress\/index.php\/2015\/10\/22\/professores-e-academicos-da-uri-sao-luiz-gonzaga-participaram-de-seminario-de-iniciacao-cientifica\/img_9579\/'><img loading=\"lazy\" decoding=\"async\" width=\"150\" height=\"150\" src=\"https:\/\/saoluiz.uri.br\/wordpress\/wp-content\/uploads\/2015\/10\/IMG_9579-150x150.jpg\" class=\"attachment-thumbnail size-thumbnail\" alt=\"\" \/><\/a>\n\t\t\t<\/div><\/figure><figure class='gallery-item'>\n\t\t\t<div class='gallery-icon landscape'>\n\t\t\t\t<a href='https:\/\/saoluiz.uri.br\/wordpress\/index.php\/2015\/10\/22\/professores-e-academicos-da-uri-sao-luiz-gonzaga-participaram-de-seminario-de-iniciacao-cientifica\/img_9580\/'><img loading=\"lazy\" decoding=\"async\" width=\"150\" height=\"150\" src=\"https:\/\/saoluiz.uri.br\/wordpress\/wp-content\/uploads\/2015\/10\/IMG_9580-150x150.jpg\" class=\"attachment-thumbnail size-thumbnail\" alt=\"\" \/><\/a>\n\t\t\t<\/div><\/figure>\n\t\t<\/div>\n\n","protected":false},"excerpt":{"rendered":"<p>Evento ocorreu nesta quinta-feira (22) em Santo \u00c2ngelo. O XXI Semin\u00e1rio Institucional de Inicia\u00e7\u00e3o Cient\u00edfica, o XIII Semin\u00e1rio de Extens\u00e3o, o XIX Semin\u00e1rio de Integra\u00e7\u00e3o em Pesquisa e P\u00f3s-Gradua\u00e7\u00e3o e o III Col\u00f3quio Tecnol\u00f3gico da URI foi realizado em Santo \u00c2ngelo nesta quinta-feira. O objetivo do evento \u00e9 oportunizar espa\u00e7o de socializa\u00e7\u00e3o, conhecimento e integra\u00e7\u00e3o [&hellip;]<\/p>\n","protected":false},"author":1,"featured_media":643,"comment_status":"open","ping_status":"open","sticky":false,"template":"","format":"standard","meta":{"footnotes":""},"categories":[3,8,4,1,7],"tags":[],"class_list":["post-639","post","type-post","status-publish","format-standard","has-post-thumbnail","hentry","category-destaques","category-extensao","category-graduacao","category-noticias","category-pesquisa"],"_links":{"self":[{"href":"https:\/\/saoluiz.uri.br\/wordpress\/index.php\/wp-json\/wp\/v2\/posts\/639","targetHints":{"allow":["GET"]}}],"collection":[{"href":"https:\/\/saoluiz.uri.br\/wordpress\/index.php\/wp-json\/wp\/v2\/posts"}],"about":[{"href":"https:\/\/saoluiz.uri.br\/wordpress\/index.php\/wp-json\/wp\/v2\/types\/post"}],"author":[{"embeddable":true,"href":"https:\/\/saoluiz.uri.br\/wordpress\/index.php\/wp-json\/wp\/v2\/users\/1"}],"replies":[{"embeddable":true,"href":"https:\/\/saoluiz.uri.br\/wordpress\/index.php\/wp-json\/wp\/v2\/comments?post=639"}],"version-history":[{"count":0,"href":"https:\/\/saoluiz.uri.br\/wordpress\/index.php\/wp-json\/wp\/v2\/posts\/639\/revisions"}],"wp:featuredmedia":[{"embeddable":true,"href":"https:\/\/saoluiz.uri.br\/wordpress\/index.php\/wp-json\/wp\/v2\/media\/643"}],"wp:attachment":[{"href":"https:\/\/saoluiz.uri.br\/wordpress\/index.php\/wp-json\/wp\/v2\/media?parent=639"}],"wp:term":[{"taxonomy":"category","embeddable":true,"href":"https:\/\/saoluiz.uri.br\/wordpress\/index.php\/wp-json\/wp\/v2\/categories?post=639"},{"taxonomy":"post_tag","embeddable":true,"href":"https:\/\/saoluiz.uri.br\/wordpress\/index.php\/wp-json\/wp\/v2\/tags?post=639"}],"curies":[{"name":"wp","href":"https:\/\/api.w.org\/{rel}","templated":true}]}}