{"id":4590,"date":"2016-12-12T17:30:58","date_gmt":"2016-12-12T20:30:58","guid":{"rendered":"https:\/\/saoluiz.uri.br\/wordpress\/?p=4590"},"modified":"2016-12-12T17:30:58","modified_gmt":"2016-12-12T20:30:58","slug":"curso-de-direito-participa-da-semana-da-consciencia-negra-2","status":"publish","type":"post","link":"https:\/\/saoluiz.uri.br\/wordpress\/index.php\/2016\/12\/12\/curso-de-direito-participa-da-semana-da-consciencia-negra-2\/","title":{"rendered":"Curso de Direito participa da semana da Consci\u00eancia Negra"},"content":{"rendered":"<p>&nbsp;<\/p>\n<p>Realizou-se na noite do dia 22 de novembro, \u00e1s 20hs45m, a segunda noite da primeira SEMANA DA CONSCI\u00caNCIA NEGRA, da URI\u00a0 S\u00e3o Luiz Gonzaga, evento promovido pelo\u00a0 Observat\u00f3rio de Estudos Culturas &amp; Diversidades. A semana tem como objetivos refletir sobre a influ\u00eancia da cultura afro na forma\u00e7\u00e3o do povo brasileiro, al\u00e9m de destacar a import\u00e2ncia de combater atitudes de racismo na sociedade.<\/p>\n<p>A segunda noite desse evento foi aberta pela coordenadora do curso de Direito, Professora Cristiane Menna Barreto Azambuja. Ap\u00f3s a fala da coordenadora,os acad\u00eamicos do curso de Direito, Ana Lu\u00edsa Silveira Meireles, Ricardo Ferreira Bernardo e Tathiele Silva Schultz\u00a0 que fizeram uma reflex\u00e3o acerca dos aspectos hist\u00f3ricos da escravid\u00e3o no Brasil, bem como a legisla\u00e7\u00e3o referente a educa\u00e7\u00e3o das rela\u00e7\u00f5es \u00e9tnico-raciais,\u00a0 abrindo ainda, um breve espa\u00e7o para discutir a situa\u00e7\u00e3o das mulheres negras, que representam a classe mais afeta pela descrimina\u00e7\u00e3o racial. Na URI S\u00e3o Luiz Gonzaga, o Observat\u00f3rio foi criado recentemente como Projeto de Extens\u00e3o- um dos tr\u00eas pilares de atua\u00e7\u00e3o da Universidade ao lado do Ensino, e da Pesquisa, tendo como coordenadora a professora Sonia Bressan Vieira e como bolsista, as acad\u00eamicas: I\u00e1ra Souza da Rosa do 6\u00ba semestre de Administra\u00e7\u00e3o e Tathiele Silva Schultz do 3\u00ba semestre do Direito.<\/p>\n<p>A URI S\u00e3o Luiz Gonzaga parabeniza a todos pela programa\u00e7\u00e3o constru\u00edda, de forma integrada &#8211; Escola B\u00e1sica, Observat\u00f3rio de Estudos Culturais, Coordena\u00e7\u00f5es de Cursos e acad\u00eamicos, com o apoio da Dire\u00e7\u00e3o.<\/p>\n<p>Com certeza, \u00e9 uma forma de al\u00e9m de cumprir os preceitos legais referentes ao Ensino Superior e Escola B\u00e1sica, contribuir com o combate ao racismo em nosso ambiente escolar\/acad\u00eamico &#8211;\u00a0 fato\u00a0 que \u00e9 o mais importante!<\/p>\n<p>A programa\u00e7\u00e3o segue nos dias 23 e 24 de novembro.<\/p>\n<div id='gallery-1' class='gallery galleryid-4590 gallery-columns-3 gallery-size-thumbnail'><figure class='gallery-item'>\n\t\t\t<div class='gallery-icon portrait'>\n\t\t\t\t<a href='https:\/\/saoluiz.uri.br\/wordpress\/wp-content\/uploads\/2016\/12\/unnamed-11.jpg'><img loading=\"lazy\" decoding=\"async\" width=\"150\" height=\"150\" src=\"https:\/\/saoluiz.uri.br\/wordpress\/wp-content\/uploads\/2016\/12\/unnamed-11-150x150.jpg\" class=\"attachment-thumbnail size-thumbnail\" alt=\"\" \/><\/a>\n\t\t\t<\/div><\/figure><figure class='gallery-item'>\n\t\t\t<div class='gallery-icon landscape'>\n\t\t\t\t<a href='https:\/\/saoluiz.uri.br\/wordpress\/wp-content\/uploads\/2016\/12\/unnamed-12.jpg'><img loading=\"lazy\" decoding=\"async\" width=\"150\" height=\"150\" src=\"https:\/\/saoluiz.uri.br\/wordpress\/wp-content\/uploads\/2016\/12\/unnamed-12-150x150.jpg\" class=\"attachment-thumbnail size-thumbnail\" alt=\"\" \/><\/a>\n\t\t\t<\/div><\/figure>\n\t\t<\/div>\n\n<p>&nbsp;<\/p>\n","protected":false},"excerpt":{"rendered":"<p>&nbsp; Realizou-se na noite do dia 22 de novembro, \u00e1s 20hs45m, a segunda noite da primeira SEMANA DA CONSCI\u00caNCIA NEGRA, da URI\u00a0 S\u00e3o Luiz Gonzaga, evento promovido pelo\u00a0 Observat\u00f3rio de Estudos Culturas &amp; Diversidades. A semana tem como objetivos refletir sobre a influ\u00eancia da cultura afro na forma\u00e7\u00e3o do povo brasileiro, al\u00e9m de destacar a [&hellip;]<\/p>\n","protected":false},"author":1,"featured_media":4592,"comment_status":"open","ping_status":"open","sticky":false,"template":"","format":"standard","meta":{"footnotes":""},"categories":[15,4,1],"tags":[],"class_list":["post-4590","post","type-post","status-publish","format-standard","has-post-thumbnail","hentry","category-direito","category-graduacao","category-noticias"],"_links":{"self":[{"href":"https:\/\/saoluiz.uri.br\/wordpress\/index.php\/wp-json\/wp\/v2\/posts\/4590","targetHints":{"allow":["GET"]}}],"collection":[{"href":"https:\/\/saoluiz.uri.br\/wordpress\/index.php\/wp-json\/wp\/v2\/posts"}],"about":[{"href":"https:\/\/saoluiz.uri.br\/wordpress\/index.php\/wp-json\/wp\/v2\/types\/post"}],"author":[{"embeddable":true,"href":"https:\/\/saoluiz.uri.br\/wordpress\/index.php\/wp-json\/wp\/v2\/users\/1"}],"replies":[{"embeddable":true,"href":"https:\/\/saoluiz.uri.br\/wordpress\/index.php\/wp-json\/wp\/v2\/comments?post=4590"}],"version-history":[{"count":0,"href":"https:\/\/saoluiz.uri.br\/wordpress\/index.php\/wp-json\/wp\/v2\/posts\/4590\/revisions"}],"wp:featuredmedia":[{"embeddable":true,"href":"https:\/\/saoluiz.uri.br\/wordpress\/index.php\/wp-json\/wp\/v2\/media\/4592"}],"wp:attachment":[{"href":"https:\/\/saoluiz.uri.br\/wordpress\/index.php\/wp-json\/wp\/v2\/media?parent=4590"}],"wp:term":[{"taxonomy":"category","embeddable":true,"href":"https:\/\/saoluiz.uri.br\/wordpress\/index.php\/wp-json\/wp\/v2\/categories?post=4590"},{"taxonomy":"post_tag","embeddable":true,"href":"https:\/\/saoluiz.uri.br\/wordpress\/index.php\/wp-json\/wp\/v2\/tags?post=4590"}],"curies":[{"name":"wp","href":"https:\/\/api.w.org\/{rel}","templated":true}]}}