{"id":4586,"date":"2016-12-09T09:47:08","date_gmt":"2016-12-09T12:47:08","guid":{"rendered":"https:\/\/saoluiz.uri.br\/wordpress\/?p=4586"},"modified":"2016-12-09T09:47:08","modified_gmt":"2016-12-09T12:47:08","slug":"curso-de-direito-participa-de-audiencia-publica-sobre-seguranca","status":"publish","type":"post","link":"https:\/\/saoluiz.uri.br\/wordpress\/index.php\/2016\/12\/09\/curso-de-direito-participa-de-audiencia-publica-sobre-seguranca\/","title":{"rendered":"Curso de Direito participa de audi\u00eancia p\u00fablica sobre seguran\u00e7a"},"content":{"rendered":"<p>A URI &#8211; S\u00e3o Luiz Gonzaga, representada pela Prof\u00aa. Cristiane Azambuja,\u00a0participou, no dia 07 de dezembro, de audi\u00eancia p\u00fablica organizada pela Subse\u00e7\u00e3o da OAB de S\u00e3o Luiz Gonzaga\/Santo Ant\u00f4nio das Miss\u00f5es.<br \/>\nO tema da audi\u00eancia p\u00fablica foi &#8220;Seguran\u00e7a P\u00fablica do Rio Grande do Sul&#8221;. Estiverem presentes a Dra. Neiva Terezinha Genro Ojopi &#8211; Presidente da referida Subse\u00e7\u00e3o da OAB, a Dra. Roberta Penz de Oliveira &#8211;\u00a0Ju\u00edza de Direito, o Dr. Fernando de Ara\u00fajo Bittencourt &#8211;\u00a0Promotor de Justi\u00e7a a Dra. Andreia Rambo Moraes e a Dra. M\u00e1rcia Helena Cunha de S\u00e1 &#8211; Defensoras P\u00fablicas, a Dra. T\u00e2nea Bratz &#8211; Delegada Regional da Pol\u00edcia Civil, o Major Hernani Frank &#8211; Comandante do 14\u00ba BPM, entre outras autoridades e membros da sociedade.<\/p>\n<p><a href=\"https:\/\/saoluiz.uri.br\/wordpress\/wp-content\/uploads\/2016\/12\/unnamed-7.jpg\" rel=\"attachment wp-att-4587\"><img loading=\"lazy\" decoding=\"async\" class=\"aligncenter wp-image-4587 size-full\" src=\"https:\/\/saoluiz.uri.br\/wordpress\/wp-content\/uploads\/2016\/12\/unnamed-7.jpg\" alt=\"unnamed-7\" width=\"480\" height=\"366\" srcset=\"https:\/\/saoluiz.uri.br\/wordpress\/wp-content\/uploads\/2016\/12\/unnamed-7.jpg 480w, https:\/\/saoluiz.uri.br\/wordpress\/wp-content\/uploads\/2016\/12\/unnamed-7-300x229.jpg 300w\" sizes=\"auto, (max-width: 480px) 100vw, 480px\" \/><\/a><\/p>\n<p>&nbsp;<\/p>\n","protected":false},"excerpt":{"rendered":"<p>A URI &#8211; S\u00e3o Luiz Gonzaga, representada pela Prof\u00aa. Cristiane Azambuja,\u00a0participou, no dia 07 de dezembro, de audi\u00eancia p\u00fablica organizada pela Subse\u00e7\u00e3o da OAB de S\u00e3o Luiz Gonzaga\/Santo Ant\u00f4nio das Miss\u00f5es. O tema da audi\u00eancia p\u00fablica foi &#8220;Seguran\u00e7a P\u00fablica do Rio Grande do Sul&#8221;. Estiverem presentes a Dra. Neiva Terezinha Genro Ojopi &#8211; Presidente da [&hellip;]<\/p>\n","protected":false},"author":1,"featured_media":4587,"comment_status":"open","ping_status":"open","sticky":false,"template":"","format":"standard","meta":{"footnotes":""},"categories":[15,4,1],"tags":[],"class_list":["post-4586","post","type-post","status-publish","format-standard","has-post-thumbnail","hentry","category-direito","category-graduacao","category-noticias"],"_links":{"self":[{"href":"https:\/\/saoluiz.uri.br\/wordpress\/index.php\/wp-json\/wp\/v2\/posts\/4586","targetHints":{"allow":["GET"]}}],"collection":[{"href":"https:\/\/saoluiz.uri.br\/wordpress\/index.php\/wp-json\/wp\/v2\/posts"}],"about":[{"href":"https:\/\/saoluiz.uri.br\/wordpress\/index.php\/wp-json\/wp\/v2\/types\/post"}],"author":[{"embeddable":true,"href":"https:\/\/saoluiz.uri.br\/wordpress\/index.php\/wp-json\/wp\/v2\/users\/1"}],"replies":[{"embeddable":true,"href":"https:\/\/saoluiz.uri.br\/wordpress\/index.php\/wp-json\/wp\/v2\/comments?post=4586"}],"version-history":[{"count":0,"href":"https:\/\/saoluiz.uri.br\/wordpress\/index.php\/wp-json\/wp\/v2\/posts\/4586\/revisions"}],"wp:featuredmedia":[{"embeddable":true,"href":"https:\/\/saoluiz.uri.br\/wordpress\/index.php\/wp-json\/wp\/v2\/media\/4587"}],"wp:attachment":[{"href":"https:\/\/saoluiz.uri.br\/wordpress\/index.php\/wp-json\/wp\/v2\/media?parent=4586"}],"wp:term":[{"taxonomy":"category","embeddable":true,"href":"https:\/\/saoluiz.uri.br\/wordpress\/index.php\/wp-json\/wp\/v2\/categories?post=4586"},{"taxonomy":"post_tag","embeddable":true,"href":"https:\/\/saoluiz.uri.br\/wordpress\/index.php\/wp-json\/wp\/v2\/tags?post=4586"}],"curies":[{"name":"wp","href":"https:\/\/api.w.org\/{rel}","templated":true}]}}