{"id":4565,"date":"2016-12-06T13:32:09","date_gmt":"2016-12-06T16:32:09","guid":{"rendered":"https:\/\/saoluiz.uri.br\/wordpress\/?p=4565"},"modified":"2016-12-06T13:32:09","modified_gmt":"2016-12-06T16:32:09","slug":"comite-de-sustentabilidade-da-uri-slg-realiza-grupo-de-estudos-com-cursos","status":"publish","type":"post","link":"https:\/\/saoluiz.uri.br\/wordpress\/index.php\/2016\/12\/06\/comite-de-sustentabilidade-da-uri-slg-realiza-grupo-de-estudos-com-cursos\/","title":{"rendered":"Comit\u00ea de Sustentabilidade da URI &#8211; SLG realiza grupo de estudos com cursos"},"content":{"rendered":"<p>Na tarde de segunda feira, 05, reuniram-se os membros do Comit\u00ea de Sustentabilidade Socioambiental da URI- S\u00e3o Luiz Gonzaga e acad\u00eamicos representantes dos cursos de Administra\u00e7\u00e3o,Ci\u00eancias Cont\u00e1beis,Direito,Engenharia El\u00e9trica,Educa\u00e7\u00e3o F\u00edsica e Fisioterapia, com prop\u00f3sito de constituir um grupo de estudos referente \u00e0 preserva\u00e7\u00e3o e ao cuidado com o ambiente.<\/p>\n<p>A Diretora Geral, Professora Dinara Bortoli Tomasi, acolheu a todos e parabenizou os docentes pela inser\u00e7\u00e3o dos acad\u00eamicos no Comit\u00ea. Destacou, tamb\u00e9m, a import\u00e2ncia desse espa\u00e7o para constru\u00e7\u00e3o de conhecimentos, a partir da discuss\u00e3o de temas relacionados \u00e0 preserva\u00e7\u00e3o dos recursos naturais.<\/p>\n<p>Durante as intera\u00e7\u00f5es, deu-se \u00eanfase para que o grupo busque, alem de leituras, a\u00e7\u00f5es praticas para sensibilizar a comunidade s\u00e3o-luizense e regional da import\u00e2ncia de serem realizadas a\u00e7\u00f5es de preserva\u00e7\u00e3o, que contemplem a afirma\u00e7\u00e3o do slogan desse Comit\u00ea \u201cPreservando a Vida\u201d.<\/p>\n<p><a href=\"https:\/\/saoluiz.uri.br\/wordpress\/wp-content\/uploads\/2016\/12\/Sem-t\u00edtulo.jpg\" rel=\"attachment wp-att-4566\"><img loading=\"lazy\" decoding=\"async\" class=\"aligncenter wp-image-4566 size-full\" src=\"https:\/\/saoluiz.uri.br\/wordpress\/wp-content\/uploads\/2016\/12\/Sem-t\u00edtulo.jpg\" alt=\"sem-titulo\" width=\"659\" height=\"317\" srcset=\"https:\/\/saoluiz.uri.br\/wordpress\/wp-content\/uploads\/2016\/12\/Sem-t\u00edtulo.jpg 659w, https:\/\/saoluiz.uri.br\/wordpress\/wp-content\/uploads\/2016\/12\/Sem-t\u00edtulo-300x144.jpg 300w\" sizes=\"auto, (max-width: 659px) 100vw, 659px\" \/><\/a><\/p>\n","protected":false},"excerpt":{"rendered":"<p>Na tarde de segunda feira, 05, reuniram-se os membros do Comit\u00ea de Sustentabilidade Socioambiental da URI- S\u00e3o Luiz Gonzaga e acad\u00eamicos representantes dos cursos de Administra\u00e7\u00e3o,Ci\u00eancias Cont\u00e1beis,Direito,Engenharia El\u00e9trica,Educa\u00e7\u00e3o F\u00edsica e Fisioterapia, com prop\u00f3sito de constituir um grupo de estudos referente \u00e0 preserva\u00e7\u00e3o e ao cuidado com o ambiente. A Diretora Geral, Professora Dinara Bortoli Tomasi, [&hellip;]<\/p>\n","protected":false},"author":1,"featured_media":4566,"comment_status":"open","ping_status":"open","sticky":false,"template":"","format":"standard","meta":{"footnotes":""},"categories":[3,4],"tags":[],"class_list":["post-4565","post","type-post","status-publish","format-standard","has-post-thumbnail","hentry","category-destaques","category-graduacao"],"_links":{"self":[{"href":"https:\/\/saoluiz.uri.br\/wordpress\/index.php\/wp-json\/wp\/v2\/posts\/4565","targetHints":{"allow":["GET"]}}],"collection":[{"href":"https:\/\/saoluiz.uri.br\/wordpress\/index.php\/wp-json\/wp\/v2\/posts"}],"about":[{"href":"https:\/\/saoluiz.uri.br\/wordpress\/index.php\/wp-json\/wp\/v2\/types\/post"}],"author":[{"embeddable":true,"href":"https:\/\/saoluiz.uri.br\/wordpress\/index.php\/wp-json\/wp\/v2\/users\/1"}],"replies":[{"embeddable":true,"href":"https:\/\/saoluiz.uri.br\/wordpress\/index.php\/wp-json\/wp\/v2\/comments?post=4565"}],"version-history":[{"count":0,"href":"https:\/\/saoluiz.uri.br\/wordpress\/index.php\/wp-json\/wp\/v2\/posts\/4565\/revisions"}],"wp:featuredmedia":[{"embeddable":true,"href":"https:\/\/saoluiz.uri.br\/wordpress\/index.php\/wp-json\/wp\/v2\/media\/4566"}],"wp:attachment":[{"href":"https:\/\/saoluiz.uri.br\/wordpress\/index.php\/wp-json\/wp\/v2\/media?parent=4565"}],"wp:term":[{"taxonomy":"category","embeddable":true,"href":"https:\/\/saoluiz.uri.br\/wordpress\/index.php\/wp-json\/wp\/v2\/categories?post=4565"},{"taxonomy":"post_tag","embeddable":true,"href":"https:\/\/saoluiz.uri.br\/wordpress\/index.php\/wp-json\/wp\/v2\/tags?post=4565"}],"curies":[{"name":"wp","href":"https:\/\/api.w.org\/{rel}","templated":true}]}}