{"id":3470,"date":"2016-09-02T20:00:57","date_gmt":"2016-09-02T23:00:57","guid":{"rendered":"https:\/\/saoluiz.uri.br\/wordpress\/?p=3470"},"modified":"2016-09-02T20:00:57","modified_gmt":"2016-09-02T23:00:57","slug":"academicos-de-direito-participam-de-palestra-em-santa-rosa","status":"publish","type":"post","link":"https:\/\/saoluiz.uri.br\/wordpress\/index.php\/2016\/09\/02\/academicos-de-direito-participam-de-palestra-em-santa-rosa\/","title":{"rendered":"Acad\u00eamicos de Direito participam de palestra em Santa Rosa"},"content":{"rendered":"<p>No dia 30 de agosto, acad\u00eamicos do Curso de Direito da URI &#8211; S\u00e3o Luiz Gonzaga, estiveram na FEMA, em Santa Rosa, para acompanhar a palestra ministrada por Cl\u00f3vis de Barros Filho.<\/p>\n<p>Os alunos estavam acompanhados pelo Professor Jo\u00e3o Victor Magalh\u00e3es Mousquer. Cl\u00f3vis de Barros Filho \u00e9 Bacharel em Direito, Bacharel em Jornalismo, Mestre em Science Politique, Doutor em Direito e Doutor em Ci\u00eancias da Comunica\u00e7\u00e3o. Ainda, \u00e9 Livre-Docente da USP e Consultor e Conferencista do Espa\u00e7o \u00c9tica.<\/p>\n<p>O palestrante \u00a0em sua fala, abordou quest\u00f5es como \u00e9tica, confian\u00e7a, empreendedorismo e amor pelo trabalho.<\/p>\n<div id='gallery-1' class='gallery galleryid-3470 gallery-columns-3 gallery-size-thumbnail'><figure class='gallery-item'>\n\t\t\t<div class='gallery-icon landscape'>\n\t\t\t\t<a href='https:\/\/saoluiz.uri.br\/wordpress\/wp-content\/uploads\/2016\/09\/q1.jpg'><img loading=\"lazy\" decoding=\"async\" width=\"150\" height=\"150\" src=\"https:\/\/saoluiz.uri.br\/wordpress\/wp-content\/uploads\/2016\/09\/q1-150x150.jpg\" class=\"attachment-thumbnail size-thumbnail\" alt=\"\" \/><\/a>\n\t\t\t<\/div><\/figure><figure class='gallery-item'>\n\t\t\t<div class='gallery-icon landscape'>\n\t\t\t\t<a href='https:\/\/saoluiz.uri.br\/wordpress\/wp-content\/uploads\/2016\/09\/q2.jpg'><img loading=\"lazy\" decoding=\"async\" width=\"150\" height=\"150\" src=\"https:\/\/saoluiz.uri.br\/wordpress\/wp-content\/uploads\/2016\/09\/q2-150x150.jpg\" class=\"attachment-thumbnail size-thumbnail\" alt=\"\" \/><\/a>\n\t\t\t<\/div><\/figure>\n\t\t<\/div>\n\n","protected":false},"excerpt":{"rendered":"<p>No dia 30 de agosto, acad\u00eamicos do Curso de Direito da URI &#8211; S\u00e3o Luiz Gonzaga, estiveram na FEMA, em Santa Rosa, para acompanhar a palestra ministrada por Cl\u00f3vis de Barros Filho. Os alunos estavam acompanhados pelo Professor Jo\u00e3o Victor Magalh\u00e3es Mousquer. Cl\u00f3vis de Barros Filho \u00e9 Bacharel em Direito, Bacharel em Jornalismo, Mestre em [&hellip;]<\/p>\n","protected":false},"author":1,"featured_media":3472,"comment_status":"open","ping_status":"open","sticky":false,"template":"","format":"standard","meta":{"footnotes":""},"categories":[3,15,4],"tags":[],"class_list":["post-3470","post","type-post","status-publish","format-standard","has-post-thumbnail","hentry","category-destaques","category-direito","category-graduacao"],"_links":{"self":[{"href":"https:\/\/saoluiz.uri.br\/wordpress\/index.php\/wp-json\/wp\/v2\/posts\/3470","targetHints":{"allow":["GET"]}}],"collection":[{"href":"https:\/\/saoluiz.uri.br\/wordpress\/index.php\/wp-json\/wp\/v2\/posts"}],"about":[{"href":"https:\/\/saoluiz.uri.br\/wordpress\/index.php\/wp-json\/wp\/v2\/types\/post"}],"author":[{"embeddable":true,"href":"https:\/\/saoluiz.uri.br\/wordpress\/index.php\/wp-json\/wp\/v2\/users\/1"}],"replies":[{"embeddable":true,"href":"https:\/\/saoluiz.uri.br\/wordpress\/index.php\/wp-json\/wp\/v2\/comments?post=3470"}],"version-history":[{"count":0,"href":"https:\/\/saoluiz.uri.br\/wordpress\/index.php\/wp-json\/wp\/v2\/posts\/3470\/revisions"}],"wp:featuredmedia":[{"embeddable":true,"href":"https:\/\/saoluiz.uri.br\/wordpress\/index.php\/wp-json\/wp\/v2\/media\/3472"}],"wp:attachment":[{"href":"https:\/\/saoluiz.uri.br\/wordpress\/index.php\/wp-json\/wp\/v2\/media?parent=3470"}],"wp:term":[{"taxonomy":"category","embeddable":true,"href":"https:\/\/saoluiz.uri.br\/wordpress\/index.php\/wp-json\/wp\/v2\/categories?post=3470"},{"taxonomy":"post_tag","embeddable":true,"href":"https:\/\/saoluiz.uri.br\/wordpress\/index.php\/wp-json\/wp\/v2\/tags?post=3470"}],"curies":[{"name":"wp","href":"https:\/\/api.w.org\/{rel}","templated":true}]}}