{"id":3461,"date":"2016-09-02T19:56:21","date_gmt":"2016-09-02T22:56:21","guid":{"rendered":"https:\/\/saoluiz.uri.br\/wordpress\/?p=3461"},"modified":"2016-09-02T19:56:21","modified_gmt":"2016-09-02T22:56:21","slug":"uri-sao-luiz-gonzaga-promoveu-ato-civico-nesta-sexta-feira","status":"publish","type":"post","link":"https:\/\/saoluiz.uri.br\/wordpress\/index.php\/2016\/09\/02\/uri-sao-luiz-gonzaga-promoveu-ato-civico-nesta-sexta-feira\/","title":{"rendered":"URI \u2013 S\u00e3o Luiz Gonzaga promoveu ato c\u00edvico nesta sexta-feira"},"content":{"rendered":"<p><strong>Arriamento das bandeiras ocorreu de forma descentralizada, junto as depend\u00eancias da Universidade. Ato contou com a presen\u00e7a de autoridades civis e militares.<\/strong><\/p>\n<p>A URI, em seus 24 anos de presen\u00e7a marcante em S\u00e3o Luiz Gonzaga e regi\u00e3o, homenageia a P\u00e1tria, a partir de seus prop\u00f3sitos ligados \u00e0 excel\u00eancia no ensino, na pesquisa e na extens\u00e3o universit\u00e1ria e na busca da sustentabilidade e acessibilidade.<\/p>\n<p>Neste momento de express\u00e3o de nosso civismo, em que aproxima-se o dia 07 de setembro, independ\u00eancia do Brasil,\u00a0 a URI \u2013 SLG presta \u00a0sua homenagem ao <strong>Centen\u00e1rio da Liga da Defesa Nacional<\/strong>, criado por Olavo Bilacno dia 07 de setembro de 1916, motivado e visando incentivar o civismo, como devotado culto aos s\u00edmbolos da P\u00e1tria e a refer\u00eancia aos vultos hist\u00f3ricos que ajudaram a escrever brilhantes p\u00e1ginas da nossa hist\u00f3ria.<\/p>\n<p>A nossa institui\u00e7\u00e3o, com um hist\u00f3rico de forma\u00e7\u00e3o humana comprometida com o bem da coletividade, tem a satisfa\u00e7\u00e3o de homenagear o 14\u00ba BPM, cujo trabalho \u00e9 o de protegera comunidade e, por desempenhar esse papel com muito esmero, orgulha a todos s\u00e3o-luizenses.<\/p>\n<p>A Diretora Geral da URI \u2013 S\u00e3o Luiz Gonzaga a professora Dinara Bortoli Tomasi, proferiu no ato realizado na tarde desta sexta-feira (02 de setembro) \u00a0algumas palavras de acolhimento aos presentes.<\/p>\n<p>A <strong><u>Escola de Educa\u00e7\u00e3o B\u00e1sica<\/u><\/strong>da URI \u2013 SLG coordenada pelas professoras Rosa Carine Menezes &#8211; Educa\u00e7\u00e3o Infantil e Ensino Fundamental e Jerusa Dutra Schreiner \u2013 Ensino M\u00e9dio realizou apresenta\u00e7\u00f5es. Os alunos do 1\u00ba ano, turmas A e B, apresentaram a dramatiza\u00e7\u00e3o \u201cIndepend\u00eancia ou Morte\u201d \u2013 Orientados pelas professoras Claudete Andrade e Marcieli Ferreira. Os Alunos do 2\u00b0 ano, apresentaram a m\u00fasica \u201cHerdeiros do Futuro\u201d, orientados pela professora Denise Torres. E os alunos da da 3\u00aa s\u00e9rie do ensino m\u00e9dio, Henrique e Renato Gomes, declamaram a poesia \u201cMinha P\u00e1tria\u201d<\/p>\n<p>O arriamento da bandeira ficou a cargo do Comandante do 4\u00b0RCB d Ten.Cel. Marcelo Milward de Albuquerque e tamb\u00e9m do Comando da Corpora\u00e7\u00e3o de Bombeiros Sargento Botezeli. As bandas da URI e 4\u00b0 RCB conduziram a cerim\u00f4nia.<\/p>\n<p>A Gest\u00e3o 2014-2018 compromete-se com a qualidade nas a\u00e7\u00f5es, buscando integra\u00e7\u00e3o entre os alunos, profissionais da equipe docente, funcion\u00e1rios t\u00e9cnico-administrativos em torno do objetivo de humanizar as rela\u00e7\u00f5es interpessoais e, assim, sermos cada vez mais felizes na URI \u2013 S\u00e3o Luiz Gonzaga, promovendo a excel\u00eancia no ensino, na pesquisa e na extens\u00e3o, com o apoio da comunidade local e regional.<\/p>\n<div id='gallery-1' class='gallery galleryid-3461 gallery-columns-3 gallery-size-thumbnail'><figure class='gallery-item'>\n\t\t\t<div class='gallery-icon landscape'>\n\t\t\t\t<a href='https:\/\/saoluiz.uri.br\/wordpress\/wp-content\/uploads\/2016\/09\/DSC_0100.jpg'><img loading=\"lazy\" decoding=\"async\" width=\"150\" height=\"150\" src=\"https:\/\/saoluiz.uri.br\/wordpress\/wp-content\/uploads\/2016\/09\/DSC_0100-150x150.jpg\" class=\"attachment-thumbnail size-thumbnail\" alt=\"\" \/><\/a>\n\t\t\t<\/div><\/figure><figure class='gallery-item'>\n\t\t\t<div class='gallery-icon landscape'>\n\t\t\t\t<a href='https:\/\/saoluiz.uri.br\/wordpress\/wp-content\/uploads\/2016\/09\/DSC_0133.jpg'><img loading=\"lazy\" decoding=\"async\" width=\"150\" height=\"150\" src=\"https:\/\/saoluiz.uri.br\/wordpress\/wp-content\/uploads\/2016\/09\/DSC_0133-150x150.jpg\" class=\"attachment-thumbnail size-thumbnail\" alt=\"\" \/><\/a>\n\t\t\t<\/div><\/figure><figure class='gallery-item'>\n\t\t\t<div class='gallery-icon landscape'>\n\t\t\t\t<a href='https:\/\/saoluiz.uri.br\/wordpress\/wp-content\/uploads\/2016\/09\/DSC_0145.jpg'><img loading=\"lazy\" decoding=\"async\" width=\"150\" height=\"150\" src=\"https:\/\/saoluiz.uri.br\/wordpress\/wp-content\/uploads\/2016\/09\/DSC_0145-150x150.jpg\" class=\"attachment-thumbnail size-thumbnail\" alt=\"\" \/><\/a>\n\t\t\t<\/div><\/figure><figure class='gallery-item'>\n\t\t\t<div class='gallery-icon landscape'>\n\t\t\t\t<a href='https:\/\/saoluiz.uri.br\/wordpress\/wp-content\/uploads\/2016\/09\/DSC_0156.jpg'><img loading=\"lazy\" decoding=\"async\" width=\"150\" height=\"150\" src=\"https:\/\/saoluiz.uri.br\/wordpress\/wp-content\/uploads\/2016\/09\/DSC_0156-150x150.jpg\" class=\"attachment-thumbnail size-thumbnail\" alt=\"\" \/><\/a>\n\t\t\t<\/div><\/figure><figure class='gallery-item'>\n\t\t\t<div class='gallery-icon landscape'>\n\t\t\t\t<a href='https:\/\/saoluiz.uri.br\/wordpress\/wp-content\/uploads\/2016\/09\/DSC_0165.jpg'><img loading=\"lazy\" decoding=\"async\" width=\"150\" height=\"150\" src=\"https:\/\/saoluiz.uri.br\/wordpress\/wp-content\/uploads\/2016\/09\/DSC_0165-150x150.jpg\" class=\"attachment-thumbnail size-thumbnail\" alt=\"\" \/><\/a>\n\t\t\t<\/div><\/figure><figure class='gallery-item'>\n\t\t\t<div class='gallery-icon landscape'>\n\t\t\t\t<a href='https:\/\/saoluiz.uri.br\/wordpress\/wp-content\/uploads\/2016\/09\/DSC_0187.jpg'><img loading=\"lazy\" decoding=\"async\" width=\"150\" height=\"150\" src=\"https:\/\/saoluiz.uri.br\/wordpress\/wp-content\/uploads\/2016\/09\/DSC_0187-150x150.jpg\" class=\"attachment-thumbnail size-thumbnail\" alt=\"\" \/><\/a>\n\t\t\t<\/div><\/figure>\n\t\t<\/div>\n\n<p>&nbsp;<\/p>\n","protected":false},"excerpt":{"rendered":"<p>Arriamento das bandeiras ocorreu de forma descentralizada, junto as depend\u00eancias da Universidade. Ato contou com a presen\u00e7a de autoridades civis e militares. A URI, em seus 24 anos de presen\u00e7a marcante em S\u00e3o Luiz Gonzaga e regi\u00e3o, homenageia a P\u00e1tria, a partir de seus prop\u00f3sitos ligados \u00e0 excel\u00eancia no ensino, na pesquisa e na extens\u00e3o [&hellip;]<\/p>\n","protected":false},"author":1,"featured_media":3464,"comment_status":"open","ping_status":"open","sticky":false,"template":"","format":"standard","meta":{"footnotes":""},"categories":[3,5,4,1],"tags":[],"class_list":["post-3461","post","type-post","status-publish","format-standard","has-post-thumbnail","hentry","category-destaques","category-escola-basica","category-graduacao","category-noticias"],"_links":{"self":[{"href":"https:\/\/saoluiz.uri.br\/wordpress\/index.php\/wp-json\/wp\/v2\/posts\/3461","targetHints":{"allow":["GET"]}}],"collection":[{"href":"https:\/\/saoluiz.uri.br\/wordpress\/index.php\/wp-json\/wp\/v2\/posts"}],"about":[{"href":"https:\/\/saoluiz.uri.br\/wordpress\/index.php\/wp-json\/wp\/v2\/types\/post"}],"author":[{"embeddable":true,"href":"https:\/\/saoluiz.uri.br\/wordpress\/index.php\/wp-json\/wp\/v2\/users\/1"}],"replies":[{"embeddable":true,"href":"https:\/\/saoluiz.uri.br\/wordpress\/index.php\/wp-json\/wp\/v2\/comments?post=3461"}],"version-history":[{"count":0,"href":"https:\/\/saoluiz.uri.br\/wordpress\/index.php\/wp-json\/wp\/v2\/posts\/3461\/revisions"}],"wp:featuredmedia":[{"embeddable":true,"href":"https:\/\/saoluiz.uri.br\/wordpress\/index.php\/wp-json\/wp\/v2\/media\/3464"}],"wp:attachment":[{"href":"https:\/\/saoluiz.uri.br\/wordpress\/index.php\/wp-json\/wp\/v2\/media?parent=3461"}],"wp:term":[{"taxonomy":"category","embeddable":true,"href":"https:\/\/saoluiz.uri.br\/wordpress\/index.php\/wp-json\/wp\/v2\/categories?post=3461"},{"taxonomy":"post_tag","embeddable":true,"href":"https:\/\/saoluiz.uri.br\/wordpress\/index.php\/wp-json\/wp\/v2\/tags?post=3461"}],"curies":[{"name":"wp","href":"https:\/\/api.w.org\/{rel}","templated":true}]}}