{"id":3456,"date":"2016-09-01T18:19:18","date_gmt":"2016-09-01T21:19:18","guid":{"rendered":"https:\/\/saoluiz.uri.br\/wordpress\/?p=3456"},"modified":"2016-09-01T18:20:15","modified_gmt":"2016-09-01T21:20:15","slug":"fisioterapia-da-uri-slg-apresenta-trabalhos-jornada-de-estudos","status":"publish","type":"post","link":"https:\/\/saoluiz.uri.br\/wordpress\/index.php\/2016\/09\/01\/fisioterapia-da-uri-slg-apresenta-trabalhos-jornada-de-estudos\/","title":{"rendered":"Fisioterapia da URI &#8211; SLG apresenta trabalhos Jornada de Estudos"},"content":{"rendered":"<p>Dia 09 de agosto foram apresentados dois trabalhos desenvolvidos pelos professores e alunos do curso de Fisioterapia da URI S\u00e3o Luiz Gonzaga na XIII JOESFI ( XIII\u00a0Jornada de Estudos em Fisioterapia e XI Semin\u00e1rio de Socializa\u00e7\u00e3o dos estudos em Fisioterapia ).<\/p>\n<p>Os trabalhos apresentados foram: A\u00a0 Relev\u00e2ncia da Mobiliza\u00e7\u00e3o Precoce em Pacientes Internados nas Unidades de\u00a0Terapia Intensiva: uma revis\u00e3o de literatura\u00a0,com a autoria do professor Marcio Adriano Birck e aluna Iara Oliveira Guerin e o trabalho Inclus\u00e3o dos Estudantes com Defici\u00eancia nas Universidades : uma Revis\u00e3o de literatura, com a autoria da professora T\u00e2nia Regina Warpechowski e alunas Iara Oliveira Guerin e Leandra Brinck Leiria.<\/p>\n<div id='gallery-1' class='gallery galleryid-3456 gallery-columns-3 gallery-size-thumbnail'><figure class='gallery-item'>\n\t\t\t<div class='gallery-icon portrait'>\n\t\t\t\t<a href='https:\/\/saoluiz.uri.br\/wordpress\/wp-content\/uploads\/2016\/09\/unnamed-2.jpg'><img loading=\"lazy\" decoding=\"async\" width=\"150\" height=\"150\" src=\"https:\/\/saoluiz.uri.br\/wordpress\/wp-content\/uploads\/2016\/09\/unnamed-2-150x150.jpg\" class=\"attachment-thumbnail size-thumbnail\" alt=\"\" aria-describedby=\"gallery-1-3457\" \/><\/a>\n\t\t\t<\/div>\n\t\t\t\t<figcaption class='wp-caption-text gallery-caption' id='gallery-1-3457'>\n\t\t\t\tT\u00e2nia Regina Warpechowski \n\t\t\t\t<\/figcaption><\/figure><figure class='gallery-item'>\n\t\t\t<div class='gallery-icon portrait'>\n\t\t\t\t<a href='https:\/\/saoluiz.uri.br\/wordpress\/wp-content\/uploads\/2016\/09\/unnamed-3.jpg'><img loading=\"lazy\" decoding=\"async\" width=\"150\" height=\"150\" src=\"https:\/\/saoluiz.uri.br\/wordpress\/wp-content\/uploads\/2016\/09\/unnamed-3-150x150.jpg\" class=\"attachment-thumbnail size-thumbnail\" alt=\"\" aria-describedby=\"gallery-1-3458\" \/><\/a>\n\t\t\t<\/div>\n\t\t\t\t<figcaption class='wp-caption-text gallery-caption' id='gallery-1-3458'>\n\t\t\t\tIara Oliveira Guerin\n\t\t\t\t<\/figcaption><\/figure>\n\t\t<\/div>\n\n","protected":false},"excerpt":{"rendered":"<p>Dia 09 de agosto foram apresentados dois trabalhos desenvolvidos pelos professores e alunos do curso de Fisioterapia da URI S\u00e3o Luiz Gonzaga na XIII JOESFI ( XIII\u00a0Jornada de Estudos em Fisioterapia e XI Semin\u00e1rio de Socializa\u00e7\u00e3o dos estudos em Fisioterapia ). Os trabalhos apresentados foram: A\u00a0 Relev\u00e2ncia da Mobiliza\u00e7\u00e3o Precoce em Pacientes Internados nas Unidades [&hellip;]<\/p>\n","protected":false},"author":1,"featured_media":3459,"comment_status":"open","ping_status":"open","sticky":false,"template":"","format":"standard","meta":{"footnotes":""},"categories":[18,4,1],"tags":[],"class_list":["post-3456","post","type-post","status-publish","format-standard","has-post-thumbnail","hentry","category-fisioterapia","category-graduacao","category-noticias"],"_links":{"self":[{"href":"https:\/\/saoluiz.uri.br\/wordpress\/index.php\/wp-json\/wp\/v2\/posts\/3456","targetHints":{"allow":["GET"]}}],"collection":[{"href":"https:\/\/saoluiz.uri.br\/wordpress\/index.php\/wp-json\/wp\/v2\/posts"}],"about":[{"href":"https:\/\/saoluiz.uri.br\/wordpress\/index.php\/wp-json\/wp\/v2\/types\/post"}],"author":[{"embeddable":true,"href":"https:\/\/saoluiz.uri.br\/wordpress\/index.php\/wp-json\/wp\/v2\/users\/1"}],"replies":[{"embeddable":true,"href":"https:\/\/saoluiz.uri.br\/wordpress\/index.php\/wp-json\/wp\/v2\/comments?post=3456"}],"version-history":[{"count":0,"href":"https:\/\/saoluiz.uri.br\/wordpress\/index.php\/wp-json\/wp\/v2\/posts\/3456\/revisions"}],"wp:featuredmedia":[{"embeddable":true,"href":"https:\/\/saoluiz.uri.br\/wordpress\/index.php\/wp-json\/wp\/v2\/media\/3459"}],"wp:attachment":[{"href":"https:\/\/saoluiz.uri.br\/wordpress\/index.php\/wp-json\/wp\/v2\/media?parent=3456"}],"wp:term":[{"taxonomy":"category","embeddable":true,"href":"https:\/\/saoluiz.uri.br\/wordpress\/index.php\/wp-json\/wp\/v2\/categories?post=3456"},{"taxonomy":"post_tag","embeddable":true,"href":"https:\/\/saoluiz.uri.br\/wordpress\/index.php\/wp-json\/wp\/v2\/tags?post=3456"}],"curies":[{"name":"wp","href":"https:\/\/api.w.org\/{rel}","templated":true}]}}