{"id":3426,"date":"2016-08-31T15:16:49","date_gmt":"2016-08-31T18:16:49","guid":{"rendered":"https:\/\/saoluiz.uri.br\/wordpress\/?p=3426"},"modified":"2016-09-01T10:46:51","modified_gmt":"2016-09-01T13:46:51","slug":"uri-slg-participa-das-comemoracoes-dos-24-anos-do-grupo-conviver","status":"publish","type":"post","link":"https:\/\/saoluiz.uri.br\/wordpress\/index.php\/2016\/08\/31\/uri-slg-participa-das-comemoracoes-dos-24-anos-do-grupo-conviver\/","title":{"rendered":"URI &#8211; SLG participa das comemora\u00e7\u00f5es dos 24 anos do Grupo Conviver"},"content":{"rendered":"<p>Na manh\u00e3 desta quarta-feira (31) a Diretora da URI &#8211; S\u00e3o Luiz Gonzaga, Professora Dinara Bortoli Tomasi, assim como o Coordenador do Curso de Educa\u00e7\u00e3o F\u00edsica Professor Bruno Costa Teixeira e os professores de Educa\u00e7\u00e3o F\u00edsica e Fisioterapia Cl\u00e9lia Rocha, Cinara Dal Santo Pes e Francesco Boeno acompanharam as comemora\u00e7\u00f5es dos 24 anos do Projeto Conviver.<\/p>\n<p>Os cursos de gradua\u00e7\u00e3o da URI, voltados para a sa\u00fade, desenvolvem muitos projetos junto ao Grupo. Na oportunidade a Professora Dinara destacou a import\u00e2ncia desta parceria. O evento ocorreu na sede do Bairro da Gruta.<\/p>\n<p>O Grupo Conviver \u00e9 organizado pela Secretaria de A\u00e7\u00e3o Social da Prefeitura, sendo suas a\u00e7\u00f5es voltadas para a terceira idade.<\/p>\n<div id='gallery-1' class='gallery galleryid-3426 gallery-columns-3 gallery-size-thumbnail'><figure class='gallery-item'>\n\t\t\t<div class='gallery-icon portrait'>\n\t\t\t\t<a href='https:\/\/saoluiz.uri.br\/wordpress\/wp-content\/uploads\/2016\/08\/IMG_4546.jpg'><img loading=\"lazy\" decoding=\"async\" width=\"150\" height=\"150\" src=\"https:\/\/saoluiz.uri.br\/wordpress\/wp-content\/uploads\/2016\/08\/IMG_4546-150x150.jpg\" class=\"attachment-thumbnail size-thumbnail\" alt=\"\" \/><\/a>\n\t\t\t<\/div><\/figure><figure class='gallery-item'>\n\t\t\t<div class='gallery-icon portrait'>\n\t\t\t\t<a href='https:\/\/saoluiz.uri.br\/wordpress\/wp-content\/uploads\/2016\/08\/IMG_4545.jpg'><img loading=\"lazy\" decoding=\"async\" width=\"150\" height=\"150\" src=\"https:\/\/saoluiz.uri.br\/wordpress\/wp-content\/uploads\/2016\/08\/IMG_4545-150x150.jpg\" class=\"attachment-thumbnail size-thumbnail\" alt=\"\" \/><\/a>\n\t\t\t<\/div><\/figure><figure class='gallery-item'>\n\t\t\t<div class='gallery-icon portrait'>\n\t\t\t\t<a href='https:\/\/saoluiz.uri.br\/wordpress\/wp-content\/uploads\/2016\/08\/IMG_4544.jpg'><img loading=\"lazy\" decoding=\"async\" width=\"150\" height=\"150\" src=\"https:\/\/saoluiz.uri.br\/wordpress\/wp-content\/uploads\/2016\/08\/IMG_4544-150x150.jpg\" class=\"attachment-thumbnail size-thumbnail\" alt=\"\" \/><\/a>\n\t\t\t<\/div><\/figure>\n\t\t<\/div>\n\n","protected":false},"excerpt":{"rendered":"<p>Na manh\u00e3 desta quarta-feira (31) a Diretora da URI &#8211; S\u00e3o Luiz Gonzaga, Professora Dinara Bortoli Tomasi, assim como o Coordenador do Curso de Educa\u00e7\u00e3o F\u00edsica Professor Bruno Costa Teixeira e os professores de Educa\u00e7\u00e3o F\u00edsica e Fisioterapia Cl\u00e9lia Rocha, Cinara Dal Santo Pes e Francesco Boeno acompanharam as comemora\u00e7\u00f5es dos 24 anos do Projeto [&hellip;]<\/p>\n","protected":false},"author":1,"featured_media":3433,"comment_status":"open","ping_status":"open","sticky":false,"template":"","format":"standard","meta":{"footnotes":""},"categories":[16,18,4,1],"tags":[],"class_list":["post-3426","post","type-post","status-publish","format-standard","has-post-thumbnail","hentry","category-educacao-fisica","category-fisioterapia","category-graduacao","category-noticias"],"_links":{"self":[{"href":"https:\/\/saoluiz.uri.br\/wordpress\/index.php\/wp-json\/wp\/v2\/posts\/3426","targetHints":{"allow":["GET"]}}],"collection":[{"href":"https:\/\/saoluiz.uri.br\/wordpress\/index.php\/wp-json\/wp\/v2\/posts"}],"about":[{"href":"https:\/\/saoluiz.uri.br\/wordpress\/index.php\/wp-json\/wp\/v2\/types\/post"}],"author":[{"embeddable":true,"href":"https:\/\/saoluiz.uri.br\/wordpress\/index.php\/wp-json\/wp\/v2\/users\/1"}],"replies":[{"embeddable":true,"href":"https:\/\/saoluiz.uri.br\/wordpress\/index.php\/wp-json\/wp\/v2\/comments?post=3426"}],"version-history":[{"count":0,"href":"https:\/\/saoluiz.uri.br\/wordpress\/index.php\/wp-json\/wp\/v2\/posts\/3426\/revisions"}],"wp:featuredmedia":[{"embeddable":true,"href":"https:\/\/saoluiz.uri.br\/wordpress\/index.php\/wp-json\/wp\/v2\/media\/3433"}],"wp:attachment":[{"href":"https:\/\/saoluiz.uri.br\/wordpress\/index.php\/wp-json\/wp\/v2\/media?parent=3426"}],"wp:term":[{"taxonomy":"category","embeddable":true,"href":"https:\/\/saoluiz.uri.br\/wordpress\/index.php\/wp-json\/wp\/v2\/categories?post=3426"},{"taxonomy":"post_tag","embeddable":true,"href":"https:\/\/saoluiz.uri.br\/wordpress\/index.php\/wp-json\/wp\/v2\/tags?post=3426"}],"curies":[{"name":"wp","href":"https:\/\/api.w.org\/{rel}","templated":true}]}}