{"id":3410,"date":"2016-08-29T17:52:11","date_gmt":"2016-08-29T20:52:11","guid":{"rendered":"https:\/\/saoluiz.uri.br\/wordpress\/?p=3410"},"modified":"2016-08-29T17:57:06","modified_gmt":"2016-08-29T20:57:06","slug":"administracao-promove-semana-academica-com-grandes-presencas-na-uri-slg","status":"publish","type":"post","link":"https:\/\/saoluiz.uri.br\/wordpress\/index.php\/2016\/08\/29\/administracao-promove-semana-academica-com-grandes-presencas-na-uri-slg\/","title":{"rendered":"Administra\u00e7\u00e3o promove Semana Acad\u00eamica com grandes presen\u00e7as na URI &#8211; SLG"},"content":{"rendered":"<p><strong><em>Empreendedores de sucesso, egressos da\u00a0 URI marcam o primeiro dia do evento.<\/em><\/strong><\/p>\n<p><em>\u00a0<\/em>Entre os dia 06 a 09 de setembro de 2016 ocorre na URI \u2013 S\u00e3o Luiz Gonzaga a semana acad\u00eamica de Administra\u00e7\u00e3o. A programa\u00e7\u00e3o ainda est\u00e1 sendo planejada pelo colegiado do curso, por\u00e9m, j\u00e1 existem confirma\u00e7\u00f5es para o primeiro dia do evento, o qual, vai abrir uma mesa com egressos da URI que s\u00e3o admirados no campo da administra\u00e7\u00e3o e contabilidade. A Semana Acad\u00eamica ocorre no Sal\u00e3o de Atos da URI \u2013 SLG. O Coordenador do Curso \u00e9 o Professor R\u00e9vis Moura.<\/p>\n<p style=\"text-align: center;\">Confira o curr\u00edculo dos egressos confirmados.<\/p>\n<p>&nbsp;<\/p>\n<p>&nbsp;<\/p>\n<p><strong>Anderson da Silva Heineck<\/strong><\/p>\n<p>&nbsp;<\/p>\n<p>Possui gradua\u00e7\u00e3o em Administra\u00e7\u00e3o pela Universidade Regional Integrada do Alto Uruguai e das Miss\u00f5es (2002). P\u00f3s-gradua\u00e7\u00e3o em Finan\u00e7as Empresariais pela Universidade Regional Integrada do Alto Uruguai e das Miss\u00f5es (2007). Diretor da Heineck &amp; Heineck Assessoria Empresarial Ltda &#8211; ME. Com experi\u00eancia na \u00e1rea de Administra\u00e7\u00e3o, com \u00eanfase em Administra\u00e7\u00e3o, Finan\u00e7as e Politicas Publicas.<\/p>\n<figure id=\"attachment_3411\" aria-describedby=\"caption-attachment-3411\" style=\"width: 209px\" class=\"wp-caption aligncenter\"><a href=\"https:\/\/saoluiz.uri.br\/wordpress\/wp-content\/uploads\/2016\/08\/1-1.jpg\" rel=\"attachment wp-att-3411\"><img loading=\"lazy\" decoding=\"async\" class=\"wp-image-3411 size-medium\" src=\"https:\/\/saoluiz.uri.br\/wordpress\/wp-content\/uploads\/2016\/08\/1-1-209x300.jpg\" alt=\"1\" width=\"209\" height=\"300\" srcset=\"https:\/\/saoluiz.uri.br\/wordpress\/wp-content\/uploads\/2016\/08\/1-1-209x300.jpg 209w, https:\/\/saoluiz.uri.br\/wordpress\/wp-content\/uploads\/2016\/08\/1-1.jpg 576w\" sizes=\"auto, (max-width: 209px) 100vw, 209px\" \/><\/a><figcaption id=\"caption-attachment-3411\" class=\"wp-caption-text\">Anderson da Silva Heineck<\/figcaption><\/figure>\n<p>&nbsp;<\/p>\n<p><strong>Grasiano Tolfo<\/strong><\/p>\n<p>Gestor de Projetos do SEBRAE &#8211; RS, possui gradua\u00e7\u00e3o em Administra\u00e7\u00e3o (IESA), MBA em Gest\u00e3o de Opera\u00e7\u00f5es Log\u00edsticas (Universidade Leonardo da Vinci\/SC) e P\u00f3s-Gradua\u00e7\u00e3o em Gest\u00e3o de Pequenos Neg\u00f3cios (FIA\/SPO). Profissional com experi\u00eancia em consultorias nas \u00e1reas de gest\u00e3o empresarial, al\u00e9m de ter atuado como gestor na \u00e1rea comercial e opera\u00e7\u00f5es log\u00edsticas.<\/p>\n<figure id=\"attachment_3412\" aria-describedby=\"caption-attachment-3412\" style=\"width: 256px\" class=\"wp-caption aligncenter\"><a href=\"https:\/\/saoluiz.uri.br\/wordpress\/wp-content\/uploads\/2016\/08\/2-2.jpg\" rel=\"attachment wp-att-3412\"><img loading=\"lazy\" decoding=\"async\" class=\"wp-image-3412 size-full\" src=\"https:\/\/saoluiz.uri.br\/wordpress\/wp-content\/uploads\/2016\/08\/2-2.jpg\" alt=\"2\" width=\"256\" height=\"260\" \/><\/a><figcaption id=\"caption-attachment-3412\" class=\"wp-caption-text\">Grasiano Tolfo<\/figcaption><\/figure>\n<p>&nbsp;<\/p>\n<p><strong>\u00a0\u00a0\u00a0\u00a0\u00a0\u00a0\u00a0\u00a0\u00a0\u00a0\u00a0\u00a0\u00a0\u00a0\u00a0\u00a0\u00a0\u00a0\u00a0\u00a0\u00a0\u00a0\u00a0\u00a0\u00a0\u00a0\u00a0\u00a0\u00a0\u00a0\u00a0\u00a0\u00a0 <\/strong><\/p>\n<p><strong>Luiz Oneide Nonemacher<\/strong><\/p>\n<p>S\u00f3cio-diretor da R\u00e1dio S\u00e3o Luiz, Administrador de Empresas formado na URI-S\u00e3o Luiz e com p\u00f3s gradua\u00e7\u00e3o em Marketing e Gest\u00e3o de Pessoas, \u00e9 o atual 2\u00ba vice-presidente da ACI, entidade onde j\u00e1 foi presidente e tamb\u00e9m o principal mandat\u00e1rio da Expo S\u00e3o Luiz. Suas experi\u00eancias profissionais no radio e na comunidade, certamente fortaleceram suas condi\u00e7\u00f5es pessoais para ser um palestrante bem sucedido.<\/p>\n<figure id=\"attachment_3413\" aria-describedby=\"caption-attachment-3413\" style=\"width: 238px\" class=\"wp-caption aligncenter\"><a href=\"https:\/\/saoluiz.uri.br\/wordpress\/wp-content\/uploads\/2016\/08\/3-2.jpg\" rel=\"attachment wp-att-3413\"><img loading=\"lazy\" decoding=\"async\" class=\"wp-image-3413 size-medium\" src=\"https:\/\/saoluiz.uri.br\/wordpress\/wp-content\/uploads\/2016\/08\/3-2-238x300.jpg\" alt=\"3\" width=\"238\" height=\"300\" srcset=\"https:\/\/saoluiz.uri.br\/wordpress\/wp-content\/uploads\/2016\/08\/3-2-238x300.jpg 238w, https:\/\/saoluiz.uri.br\/wordpress\/wp-content\/uploads\/2016\/08\/3-2.jpg 507w\" sizes=\"auto, (max-width: 238px) 100vw, 238px\" \/><\/a><figcaption id=\"caption-attachment-3413\" class=\"wp-caption-text\">\u00a0 \u00a0 \u00a0 \u00a0 \u00a0 \u00a0 \u00a0 \u00a0Luiz Oneide Nonemacher<\/figcaption><\/figure>\n<p><strong>Valdir Rosa da Silva<\/strong><\/p>\n<p>S\u00f3cio-propriet\u00e1rio da Empresa CONSIS JB. Formado em Pedagogia e Ci\u00eancias Cont\u00e1beis, MBA em andamento em Gest\u00e3o de Pessoas. Graduando em Administra\u00e7\u00e3o.<\/p>\n<figure id=\"attachment_3417\" aria-describedby=\"caption-attachment-3417\" style=\"width: 289px\" class=\"wp-caption aligncenter\"><a href=\"https:\/\/saoluiz.uri.br\/wordpress\/wp-content\/uploads\/2016\/08\/4.jpg\" rel=\"attachment wp-att-3417\"><img loading=\"lazy\" decoding=\"async\" class=\"wp-image-3417 size-medium\" src=\"https:\/\/saoluiz.uri.br\/wordpress\/wp-content\/uploads\/2016\/08\/4-289x300.jpg\" alt=\"4\" width=\"289\" height=\"300\" srcset=\"https:\/\/saoluiz.uri.br\/wordpress\/wp-content\/uploads\/2016\/08\/4-289x300.jpg 289w, https:\/\/saoluiz.uri.br\/wordpress\/wp-content\/uploads\/2016\/08\/4.jpg 308w\" sizes=\"auto, (max-width: 289px) 100vw, 289px\" \/><\/a><figcaption id=\"caption-attachment-3417\" class=\"wp-caption-text\">Valdir Rosa da Silva<\/figcaption><\/figure>\n","protected":false},"excerpt":{"rendered":"<p>Empreendedores de sucesso, egressos da\u00a0 URI marcam o primeiro dia do evento. \u00a0Entre os dia 06 a 09 de setembro de 2016 ocorre na URI \u2013 S\u00e3o Luiz Gonzaga a semana acad\u00eamica de Administra\u00e7\u00e3o. A programa\u00e7\u00e3o ainda est\u00e1 sendo planejada pelo colegiado do curso, por\u00e9m, j\u00e1 existem confirma\u00e7\u00f5es para o primeiro dia do evento, o [&hellip;]<\/p>\n","protected":false},"author":1,"featured_media":3414,"comment_status":"open","ping_status":"open","sticky":false,"template":"","format":"standard","meta":{"footnotes":""},"categories":[3,13,4,1],"tags":[],"class_list":["post-3410","post","type-post","status-publish","format-standard","has-post-thumbnail","hentry","category-destaques","category-administracao","category-graduacao","category-noticias"],"_links":{"self":[{"href":"https:\/\/saoluiz.uri.br\/wordpress\/index.php\/wp-json\/wp\/v2\/posts\/3410","targetHints":{"allow":["GET"]}}],"collection":[{"href":"https:\/\/saoluiz.uri.br\/wordpress\/index.php\/wp-json\/wp\/v2\/posts"}],"about":[{"href":"https:\/\/saoluiz.uri.br\/wordpress\/index.php\/wp-json\/wp\/v2\/types\/post"}],"author":[{"embeddable":true,"href":"https:\/\/saoluiz.uri.br\/wordpress\/index.php\/wp-json\/wp\/v2\/users\/1"}],"replies":[{"embeddable":true,"href":"https:\/\/saoluiz.uri.br\/wordpress\/index.php\/wp-json\/wp\/v2\/comments?post=3410"}],"version-history":[{"count":0,"href":"https:\/\/saoluiz.uri.br\/wordpress\/index.php\/wp-json\/wp\/v2\/posts\/3410\/revisions"}],"wp:featuredmedia":[{"embeddable":true,"href":"https:\/\/saoluiz.uri.br\/wordpress\/index.php\/wp-json\/wp\/v2\/media\/3414"}],"wp:attachment":[{"href":"https:\/\/saoluiz.uri.br\/wordpress\/index.php\/wp-json\/wp\/v2\/media?parent=3410"}],"wp:term":[{"taxonomy":"category","embeddable":true,"href":"https:\/\/saoluiz.uri.br\/wordpress\/index.php\/wp-json\/wp\/v2\/categories?post=3410"},{"taxonomy":"post_tag","embeddable":true,"href":"https:\/\/saoluiz.uri.br\/wordpress\/index.php\/wp-json\/wp\/v2\/tags?post=3410"}],"curies":[{"name":"wp","href":"https:\/\/api.w.org\/{rel}","templated":true}]}}