{"id":22090,"date":"2023-08-09T12:57:18","date_gmt":"2023-08-09T15:57:18","guid":{"rendered":"https:\/\/saoluiz.uri.br\/wordpress\/?p=22090"},"modified":"2023-08-09T15:25:01","modified_gmt":"2023-08-09T18:25:01","slug":"viii-semana-academica-do-curso-de-direito-oportuniza-debates-significativos","status":"publish","type":"post","link":"https:\/\/saoluiz.uri.br\/wordpress\/index.php\/2023\/08\/09\/viii-semana-academica-do-curso-de-direito-oportuniza-debates-significativos\/","title":{"rendered":"VIII Semana Acad\u00eamica do Curso de Direito oportuniza debates significativos"},"content":{"rendered":"<p><span style=\"font-weight: 400;\">Desde segunda-feira, 07 de agosto, a URI S\u00e3o Luiz Gonzaga promove a VIII Semana Acad\u00eamica do Curso de Direito. Na abertura, estiveram presentes a Diretora da URI S\u00e3o Luiz Gonzaga, professora Renata Barth Machado;\u00a0 e representando a Subse\u00e7\u00e3o S\u00e3o Luiz Gonzaga\/Santo Ant\u00f4nio das Miss\u00f5es da Ordem dos Advogados do Brasil (OAB) Monique Cunha.<\/span><\/p>\n<p><span style=\"font-weight: 400;\">A Diretora Renata Barth Machado destacou a import\u00e2ncia de eventos como a Semana Acad\u00eamica, que complementam as aprendizagens de sala de aula e parabenizou os acad\u00eamicos participantes do evento pelo interesse demonstrado.<\/span><\/p>\n<p><span style=\"font-weight: 400;\">A palestra de abertura foi proferida pelo Dr. Jo\u00e3o Batista Costa Saraiva, que abordou o tema: \u201cCrian\u00e7as e adolescentes &#8211; seus direitos na contemporaneidade e o papel da advocacia proativa\u201d.<\/span><\/p>\n<p><span style=\"font-weight: 400;\">No decorrer da VIII Semana Acad\u00eamica do Curso de Direito, foram oportunizados debates sobre temas significativos, como:<\/span><\/p>\n<p><span style=\"font-weight: 400;\">&#8211; A desconsidera\u00e7\u00e3o dos Direitos Humanos no tempo presente, com o palestrante Ivo Canabarro;<\/span><\/p>\n<p><span style=\"font-weight: 400;\">&#8211; Miss\u00f5es Jesu\u00edticas &#8211; escravid\u00e3o ind\u00edgena ou comunh\u00e3o?, com o professor Anderson Iura Amaral Schmitz;<\/span><\/p>\n<p><span style=\"font-weight: 400;\">&#8211; A Nova Lei de Licita\u00e7\u00f5es, com os palestrantes Armando Moutinho Perin e Roger Dornelles;<\/span><\/p>\n<p><span style=\"font-weight: 400;\">&#8211; Precisamos falar de viol\u00eancia contra a mulher: a fun\u00e7\u00e3o da Defensoria P\u00fablica, com a Defensora Andreia Rambo Morais;<\/span><\/p>\n<p><span style=\"font-weight: 400;\">&#8211; Perspectivas sobre viol\u00eancia dom\u00e9stica, com Walter Woodtli.<\/span><\/p>\n<p><span style=\"font-weight: 400;\">Na sexta-feira, ir\u00e3o ocorrer as apresenta\u00e7\u00f5es dos trabalhos aprovados, incentivando o protagonismo dos estudantes de Direito.<\/span><\/p>\n","protected":false},"excerpt":{"rendered":"<p>Desde segunda-feira, 07 de agosto, a URI S\u00e3o Luiz Gonzaga promove a VIII Semana Acad\u00eamica do Curso de Direito. Na abertura, estiveram presentes a Diretora da URI S\u00e3o Luiz Gonzaga, professora Renata Barth Machado;\u00a0 e representando a Subse\u00e7\u00e3o S\u00e3o Luiz Gonzaga\/Santo Ant\u00f4nio das Miss\u00f5es da Ordem dos Advogados do Brasil (OAB) Monique Cunha. A Diretora [&hellip;]<\/p>\n","protected":false},"author":5,"featured_media":22047,"comment_status":"open","ping_status":"open","sticky":false,"template":"","format":"standard","meta":{"footnotes":""},"categories":[3,1],"tags":[],"class_list":["post-22090","post","type-post","status-publish","format-standard","has-post-thumbnail","hentry","category-destaques","category-noticias"],"_links":{"self":[{"href":"https:\/\/saoluiz.uri.br\/wordpress\/index.php\/wp-json\/wp\/v2\/posts\/22090","targetHints":{"allow":["GET"]}}],"collection":[{"href":"https:\/\/saoluiz.uri.br\/wordpress\/index.php\/wp-json\/wp\/v2\/posts"}],"about":[{"href":"https:\/\/saoluiz.uri.br\/wordpress\/index.php\/wp-json\/wp\/v2\/types\/post"}],"author":[{"embeddable":true,"href":"https:\/\/saoluiz.uri.br\/wordpress\/index.php\/wp-json\/wp\/v2\/users\/5"}],"replies":[{"embeddable":true,"href":"https:\/\/saoluiz.uri.br\/wordpress\/index.php\/wp-json\/wp\/v2\/comments?post=22090"}],"version-history":[{"count":3,"href":"https:\/\/saoluiz.uri.br\/wordpress\/index.php\/wp-json\/wp\/v2\/posts\/22090\/revisions"}],"predecessor-version":[{"id":22093,"href":"https:\/\/saoluiz.uri.br\/wordpress\/index.php\/wp-json\/wp\/v2\/posts\/22090\/revisions\/22093"}],"wp:featuredmedia":[{"embeddable":true,"href":"https:\/\/saoluiz.uri.br\/wordpress\/index.php\/wp-json\/wp\/v2\/media\/22047"}],"wp:attachment":[{"href":"https:\/\/saoluiz.uri.br\/wordpress\/index.php\/wp-json\/wp\/v2\/media?parent=22090"}],"wp:term":[{"taxonomy":"category","embeddable":true,"href":"https:\/\/saoluiz.uri.br\/wordpress\/index.php\/wp-json\/wp\/v2\/categories?post=22090"},{"taxonomy":"post_tag","embeddable":true,"href":"https:\/\/saoluiz.uri.br\/wordpress\/index.php\/wp-json\/wp\/v2\/tags?post=22090"}],"curies":[{"name":"wp","href":"https:\/\/api.w.org\/{rel}","templated":true}]}}