{"id":22020,"date":"2023-06-27T13:29:26","date_gmt":"2023-06-27T16:29:26","guid":{"rendered":"https:\/\/saoluiz.uri.br\/wordpress\/?p=22020"},"modified":"2023-06-27T13:29:26","modified_gmt":"2023-06-27T16:29:26","slug":"chamamento-publico-para-cessao-de-espacos-xvii-coloquio-internacional","status":"publish","type":"post","link":"https:\/\/saoluiz.uri.br\/wordpress\/index.php\/2023\/06\/27\/chamamento-publico-para-cessao-de-espacos-xvii-coloquio-internacional\/","title":{"rendered":"Chamamento p\u00fablico para cess\u00e3o de espa\u00e7os &#8211; XVII Col\u00f3quio Internacional"},"content":{"rendered":"<p>A URI \u2013 S\u00e3o Luiz Gonzaga, por meio da Comiss\u00e3o Organizadora do XVII Col\u00f3quio Internacional, que acontecer\u00e1 de 18 a 21 de julho de 2023, torna p\u00fablico chamamento para a cess\u00e3o de oito espa\u00e7os destinados \u00e0 instala\u00e7\u00e3o de empresa, lanchonete m\u00f3vel ou outro tipo de com\u00e9rcio e servi\u00e7o, que deseje integrar a programa\u00e7\u00e3o do evento, mediante a exposi\u00e7\u00e3o e comercializa\u00e7\u00e3o de seus produtos.<br \/>\nO n\u00famero de espa\u00e7os \u00e9 limitado. Os interessados devem manifestar interesse at\u00e9 10 de julho de 2023.<br \/>\nOs selecionados pagar\u00e3o \u00e0 URI \u2013 S\u00e3o Luiz Gonzaga, pela concess\u00e3o de uso do espa\u00e7o, uma import\u00e2ncia, a t\u00edtulo de manuten\u00e7\u00e3o das taxas de \u00e1gua e energia el\u00e9trica durante o per\u00edodo da cess\u00e3o do espa\u00e7o.<br \/>\nPara mais informa\u00e7\u00f5es, seguem os contatos telef\u00f4nicos: (55) 3352-8150 ou (55) 999645094.<br \/>\nN\u00e3o perca esta oportunidade!<\/p>\n<p>&nbsp;<\/p>\n<p><img loading=\"lazy\" decoding=\"async\" class=\"aligncenter size-large wp-image-22021\" src=\"https:\/\/saoluiz.uri.br\/wordpress\/wp-content\/uploads\/2023\/06\/espaco_coloquio-1024x488.png\" alt=\"\" width=\"1024\" height=\"488\" srcset=\"https:\/\/saoluiz.uri.br\/wordpress\/wp-content\/uploads\/2023\/06\/espaco_coloquio-1024x488.png 1024w, https:\/\/saoluiz.uri.br\/wordpress\/wp-content\/uploads\/2023\/06\/espaco_coloquio-300x143.png 300w, https:\/\/saoluiz.uri.br\/wordpress\/wp-content\/uploads\/2023\/06\/espaco_coloquio-768x366.png 768w, https:\/\/saoluiz.uri.br\/wordpress\/wp-content\/uploads\/2023\/06\/espaco_coloquio-1536x732.png 1536w, https:\/\/saoluiz.uri.br\/wordpress\/wp-content\/uploads\/2023\/06\/espaco_coloquio.png 1663w\" sizes=\"auto, (max-width: 1024px) 100vw, 1024px\" \/><\/p>\n","protected":false},"excerpt":{"rendered":"<p>A URI \u2013 S\u00e3o Luiz Gonzaga, por meio da Comiss\u00e3o Organizadora do XVII Col\u00f3quio Internacional, que acontecer\u00e1 de 18 a 21 de julho de 2023, torna p\u00fablico chamamento para a cess\u00e3o de oito espa\u00e7os destinados \u00e0 instala\u00e7\u00e3o de empresa, lanchonete m\u00f3vel ou outro tipo de com\u00e9rcio e servi\u00e7o, que deseje integrar a programa\u00e7\u00e3o do evento, [&hellip;]<\/p>\n","protected":false},"author":5,"featured_media":21952,"comment_status":"open","ping_status":"open","sticky":false,"template":"","format":"standard","meta":{"footnotes":""},"categories":[3,29,91],"tags":[],"class_list":["post-22020","post","type-post","status-publish","format-standard","has-post-thumbnail","hentry","category-destaques","category-4galerias","category-6extensao"],"_links":{"self":[{"href":"https:\/\/saoluiz.uri.br\/wordpress\/index.php\/wp-json\/wp\/v2\/posts\/22020","targetHints":{"allow":["GET"]}}],"collection":[{"href":"https:\/\/saoluiz.uri.br\/wordpress\/index.php\/wp-json\/wp\/v2\/posts"}],"about":[{"href":"https:\/\/saoluiz.uri.br\/wordpress\/index.php\/wp-json\/wp\/v2\/types\/post"}],"author":[{"embeddable":true,"href":"https:\/\/saoluiz.uri.br\/wordpress\/index.php\/wp-json\/wp\/v2\/users\/5"}],"replies":[{"embeddable":true,"href":"https:\/\/saoluiz.uri.br\/wordpress\/index.php\/wp-json\/wp\/v2\/comments?post=22020"}],"version-history":[{"count":1,"href":"https:\/\/saoluiz.uri.br\/wordpress\/index.php\/wp-json\/wp\/v2\/posts\/22020\/revisions"}],"predecessor-version":[{"id":22022,"href":"https:\/\/saoluiz.uri.br\/wordpress\/index.php\/wp-json\/wp\/v2\/posts\/22020\/revisions\/22022"}],"wp:featuredmedia":[{"embeddable":true,"href":"https:\/\/saoluiz.uri.br\/wordpress\/index.php\/wp-json\/wp\/v2\/media\/21952"}],"wp:attachment":[{"href":"https:\/\/saoluiz.uri.br\/wordpress\/index.php\/wp-json\/wp\/v2\/media?parent=22020"}],"wp:term":[{"taxonomy":"category","embeddable":true,"href":"https:\/\/saoluiz.uri.br\/wordpress\/index.php\/wp-json\/wp\/v2\/categories?post=22020"},{"taxonomy":"post_tag","embeddable":true,"href":"https:\/\/saoluiz.uri.br\/wordpress\/index.php\/wp-json\/wp\/v2\/tags?post=22020"}],"curies":[{"name":"wp","href":"https:\/\/api.w.org\/{rel}","templated":true}]}}