{"id":21614,"date":"2022-11-11T15:41:35","date_gmt":"2022-11-11T18:41:35","guid":{"rendered":"https:\/\/saoluiz.uri.br\/wordpress\/?p=21614"},"modified":"2022-11-11T15:42:29","modified_gmt":"2022-11-11T18:42:29","slug":"uri-ead-e-nota-maxima-na-avaliacao-do-mec-recredenciamento","status":"publish","type":"post","link":"https:\/\/saoluiz.uri.br\/wordpress\/index.php\/2022\/11\/11\/uri-ead-e-nota-maxima-na-avaliacao-do-mec-recredenciamento\/","title":{"rendered":"URI EAD \u00e9 nota m\u00e1xima na avalia\u00e7\u00e3o do MEC \u2013 Recredenciamento"},"content":{"rendered":"<p><em>A avalia\u00e7\u00e3o ocorreu entre os dias 07 e 09 de novembro de 2022<\/em><\/p>\n<p>A Universidade Regional Integrada do Alto Uruguai e das Miss\u00f5es (URI) \u00e9, desde 2013, credenciada pelo Minist\u00e9rio da Educa\u00e7\u00e3o (MEC) em sua modalidade de Ensino \u00e0 Dist\u00e2ncia (EAD) e, no ano de 2019, iniciou as ofertas de cursos.<\/p>\n<p>Neste ano, ocorreu a visita virtual\u00a0<em>in loco<\/em>, a fim de recredenciar a Universidade para a modalidade EAD. Para o recredenciamento, s\u00e3o avaliados cinco eixos:<\/p>\n<p><strong>EIXO 1 &#8211; PLANEJAMENTO E AVALIA\u00c7\u00c3O INSTITUCIONAL<\/strong><\/p>\n<p><strong>EIXO 2 &#8211; DESENVOLVIMENTO INSTITUCIONAL<\/strong><\/p>\n<p><strong>EIXO 3 &#8211; POL\u00cdTICAS ACAD\u00caMICAS<\/strong><\/p>\n<p><strong>EIXO 4 &#8211; POL\u00cdTICAS DE GEST\u00c3O<\/strong><\/p>\n<p><strong>EIXO 5 \u2013 INFRAESTRUTURA<\/strong><\/p>\n<p>Ap\u00f3s a avalia\u00e7\u00e3o, a comiss\u00e3o composta pelos professores: Cloves Gomes de Carvalho Filho (Ponto Focal), Adriano Lopes de Lima (perfil TI) e Mario Fernando Valeriano Soares, institu\u00edda e designada para realiza\u00e7\u00e3o da avalia\u00e7\u00e3o, de 07\/11\/2022 a 09\/11\/2022, concluiu que a URI EAD \u00e9 nota m\u00e1xima em seus indicadores.<\/p>\n","protected":false},"excerpt":{"rendered":"<p>A avalia\u00e7\u00e3o ocorreu entre os dias 07 e 09 de novembro de 2022 A Universidade Regional Integrada do Alto Uruguai e das Miss\u00f5es (URI) \u00e9, desde 2013, credenciada pelo Minist\u00e9rio da Educa\u00e7\u00e3o (MEC) em sua modalidade de Ensino \u00e0 Dist\u00e2ncia (EAD) e, no ano de 2019, iniciou as ofertas de cursos. Neste ano, ocorreu a [&hellip;]<\/p>\n","protected":false},"author":6,"featured_media":21615,"comment_status":"open","ping_status":"open","sticky":false,"template":"","format":"standard","meta":{"footnotes":""},"categories":[3,4,165,1],"tags":[],"class_list":["post-21614","post","type-post","status-publish","format-standard","has-post-thumbnail","hentry","category-destaques","category-graduacao","category-graduacao-10documentos","category-noticias"],"_links":{"self":[{"href":"https:\/\/saoluiz.uri.br\/wordpress\/index.php\/wp-json\/wp\/v2\/posts\/21614","targetHints":{"allow":["GET"]}}],"collection":[{"href":"https:\/\/saoluiz.uri.br\/wordpress\/index.php\/wp-json\/wp\/v2\/posts"}],"about":[{"href":"https:\/\/saoluiz.uri.br\/wordpress\/index.php\/wp-json\/wp\/v2\/types\/post"}],"author":[{"embeddable":true,"href":"https:\/\/saoluiz.uri.br\/wordpress\/index.php\/wp-json\/wp\/v2\/users\/6"}],"replies":[{"embeddable":true,"href":"https:\/\/saoluiz.uri.br\/wordpress\/index.php\/wp-json\/wp\/v2\/comments?post=21614"}],"version-history":[{"count":2,"href":"https:\/\/saoluiz.uri.br\/wordpress\/index.php\/wp-json\/wp\/v2\/posts\/21614\/revisions"}],"predecessor-version":[{"id":21617,"href":"https:\/\/saoluiz.uri.br\/wordpress\/index.php\/wp-json\/wp\/v2\/posts\/21614\/revisions\/21617"}],"wp:featuredmedia":[{"embeddable":true,"href":"https:\/\/saoluiz.uri.br\/wordpress\/index.php\/wp-json\/wp\/v2\/media\/21615"}],"wp:attachment":[{"href":"https:\/\/saoluiz.uri.br\/wordpress\/index.php\/wp-json\/wp\/v2\/media?parent=21614"}],"wp:term":[{"taxonomy":"category","embeddable":true,"href":"https:\/\/saoluiz.uri.br\/wordpress\/index.php\/wp-json\/wp\/v2\/categories?post=21614"},{"taxonomy":"post_tag","embeddable":true,"href":"https:\/\/saoluiz.uri.br\/wordpress\/index.php\/wp-json\/wp\/v2\/tags?post=21614"}],"curies":[{"name":"wp","href":"https:\/\/api.w.org\/{rel}","templated":true}]}}