{"id":20809,"date":"2022-07-06T15:06:05","date_gmt":"2022-07-06T18:06:05","guid":{"rendered":"https:\/\/saoluiz.uri.br\/wordpress\/?p=20809"},"modified":"2022-07-06T15:06:05","modified_gmt":"2022-07-06T18:06:05","slug":"academicas-do-curso-de-fisioterapia-realizam-ginastica-laboral-e-alongamentos-para-os-funcionarios-da-instituicao","status":"publish","type":"post","link":"https:\/\/saoluiz.uri.br\/wordpress\/index.php\/2022\/07\/06\/academicas-do-curso-de-fisioterapia-realizam-ginastica-laboral-e-alongamentos-para-os-funcionarios-da-instituicao\/","title":{"rendered":"Acad\u00eamicas do Curso de Fisioterapia realizam gin\u00e1stica laboral e alongamentos para os funcion\u00e1rios da Institui\u00e7\u00e3o"},"content":{"rendered":"<p>As acad\u00eamicas do 9\u00ba semestre do Curso de Fisioterapia da URI- S\u00e3o Luiz Gonzaga Maria Izabel de Paula, Milene Gomes, Sarah Sides e Tatiane Munareto, realizaram gin\u00e1stica laboral e alongamentos para os funcion\u00e1rios da institui\u00e7\u00e3o nesta quarta- feira, 06 de julho de 2022, no per\u00edodo da tarde, sob a supervis\u00e3o da fisioterapeuta, professora respons\u00e1vel pelo est\u00e1gio de Promo\u00e7\u00e3o \u00e0 Sa\u00fade e coordenadora do curso de Fisioterapia, Ana Helena Braga Pires.<\/p>\n<p>A Gin\u00e1stica Laboral \u00e9 um programa de sa\u00fade e qualidade de vida que utiliza atividades f\u00edsicas planejadas no ambiente de trabalho. \u00c9 uma interven\u00e7\u00e3o r\u00e1pida que dura, aproximadamente, de 10 a 15 minutos, feita no pr\u00f3prio local de trabalho que tem a supervis\u00e3o direta de profissionais especializados, e pode ser feita no in\u00edcio, no meio e\/ou no fim do expediente de trabalho.<\/p>\n<p>Os exerc\u00edcios propostos foram baseados em t\u00e9cnicas de alongamentos, respira\u00e7\u00e3o, controle e percep\u00e7\u00e3o corporal, reeduca\u00e7\u00e3o postural e compensa\u00e7\u00e3o dos m\u00fasculos. Al\u00e9m disso, foi realizado uma avalia\u00e7\u00e3o ergon\u00f4mica e passado algumas dicas para os funcion\u00e1rios, assim contribuindo para um ambiente de trabalho e conv\u00edvio mais saud\u00e1vel e produtivo.<\/p>\n<p><a href=\"https:\/\/saoluiz.uri.br\/wordpress\/wp-content\/uploads\/2022\/07\/762ae41f-da36-4993-b4ec-e1df312d6620.jpg\"><img loading=\"lazy\" decoding=\"async\" class=\"aligncenter wp-image-20810 size-medium\" src=\"https:\/\/saoluiz.uri.br\/wordpress\/wp-content\/uploads\/2022\/07\/762ae41f-da36-4993-b4ec-e1df312d6620-300x300.jpg\" alt=\"\" width=\"300\" height=\"300\" srcset=\"https:\/\/saoluiz.uri.br\/wordpress\/wp-content\/uploads\/2022\/07\/762ae41f-da36-4993-b4ec-e1df312d6620-300x300.jpg 300w, https:\/\/saoluiz.uri.br\/wordpress\/wp-content\/uploads\/2022\/07\/762ae41f-da36-4993-b4ec-e1df312d6620-150x150.jpg 150w, https:\/\/saoluiz.uri.br\/wordpress\/wp-content\/uploads\/2022\/07\/762ae41f-da36-4993-b4ec-e1df312d6620-768x768.jpg 768w, https:\/\/saoluiz.uri.br\/wordpress\/wp-content\/uploads\/2022\/07\/762ae41f-da36-4993-b4ec-e1df312d6620.jpg 828w\" sizes=\"auto, (max-width: 300px) 100vw, 300px\" \/><\/a><\/p>\n","protected":false},"excerpt":{"rendered":"<p>As acad\u00eamicas do 9\u00ba semestre do Curso de Fisioterapia da URI- S\u00e3o Luiz Gonzaga Maria Izabel de Paula, Milene Gomes, Sarah Sides e Tatiane Munareto, realizaram gin\u00e1stica laboral e alongamentos para os funcion\u00e1rios da institui\u00e7\u00e3o nesta quarta- feira, 06 de julho de 2022, no per\u00edodo da tarde, sob a supervis\u00e3o da fisioterapeuta, professora respons\u00e1vel pelo [&hellip;]<\/p>\n","protected":false},"author":6,"featured_media":20810,"comment_status":"open","ping_status":"open","sticky":false,"template":"","format":"standard","meta":{"footnotes":""},"categories":[3,18,4,165,1],"tags":[],"class_list":["post-20809","post","type-post","status-publish","format-standard","has-post-thumbnail","hentry","category-destaques","category-fisioterapia","category-graduacao","category-graduacao-10documentos","category-noticias"],"_links":{"self":[{"href":"https:\/\/saoluiz.uri.br\/wordpress\/index.php\/wp-json\/wp\/v2\/posts\/20809","targetHints":{"allow":["GET"]}}],"collection":[{"href":"https:\/\/saoluiz.uri.br\/wordpress\/index.php\/wp-json\/wp\/v2\/posts"}],"about":[{"href":"https:\/\/saoluiz.uri.br\/wordpress\/index.php\/wp-json\/wp\/v2\/types\/post"}],"author":[{"embeddable":true,"href":"https:\/\/saoluiz.uri.br\/wordpress\/index.php\/wp-json\/wp\/v2\/users\/6"}],"replies":[{"embeddable":true,"href":"https:\/\/saoluiz.uri.br\/wordpress\/index.php\/wp-json\/wp\/v2\/comments?post=20809"}],"version-history":[{"count":1,"href":"https:\/\/saoluiz.uri.br\/wordpress\/index.php\/wp-json\/wp\/v2\/posts\/20809\/revisions"}],"predecessor-version":[{"id":20811,"href":"https:\/\/saoluiz.uri.br\/wordpress\/index.php\/wp-json\/wp\/v2\/posts\/20809\/revisions\/20811"}],"wp:featuredmedia":[{"embeddable":true,"href":"https:\/\/saoluiz.uri.br\/wordpress\/index.php\/wp-json\/wp\/v2\/media\/20810"}],"wp:attachment":[{"href":"https:\/\/saoluiz.uri.br\/wordpress\/index.php\/wp-json\/wp\/v2\/media?parent=20809"}],"wp:term":[{"taxonomy":"category","embeddable":true,"href":"https:\/\/saoluiz.uri.br\/wordpress\/index.php\/wp-json\/wp\/v2\/categories?post=20809"},{"taxonomy":"post_tag","embeddable":true,"href":"https:\/\/saoluiz.uri.br\/wordpress\/index.php\/wp-json\/wp\/v2\/tags?post=20809"}],"curies":[{"name":"wp","href":"https:\/\/api.w.org\/{rel}","templated":true}]}}