{"id":19963,"date":"2022-05-05T19:40:59","date_gmt":"2022-05-05T22:40:59","guid":{"rendered":"https:\/\/saoluiz.uri.br\/wordpress\/?p=19963"},"modified":"2022-05-05T19:45:39","modified_gmt":"2022-05-05T22:45:39","slug":"academicos-da-uri-sao-luiz-que-vao-realizar-o-enade-em-2022-recebem-orientacoes","status":"publish","type":"post","link":"https:\/\/saoluiz.uri.br\/wordpress\/index.php\/2022\/05\/05\/academicos-da-uri-sao-luiz-que-vao-realizar-o-enade-em-2022-recebem-orientacoes\/","title":{"rendered":"Acad\u00eamicos que v\u00e3o realizar o Exame Nacional de Desempenho dos Estudantes em 2022 recebem orienta\u00e7\u00f5es"},"content":{"rendered":"<p>Na quarta-feira, 04, os acad\u00eamicos dos cursos de Administra\u00e7\u00e3o, Ci\u00eancias Cont\u00e1beis e Direito participaram de reuni\u00e3o que tratou sobre o Exame Nacional de Desempenho dos Estudantes (Enade). Os discentes dessas turmas far\u00e3o, em novembro, a prova que avalia o rendimento dos concluintes dos cursos de gradua\u00e7\u00e3o em rela\u00e7\u00e3o aos conte\u00fados program\u00e1ticos previstos nas diretrizes curriculares dos cursos, o desenvolvimento de compet\u00eancias e habilidades necess\u00e1rias ao aprofundamento da forma\u00e7\u00e3o geral e profissional, e o n\u00edvel de atualiza\u00e7\u00e3o dos estudantes com rela\u00e7\u00e3o \u00e0 realidade brasileira e mundial.<\/p>\n<p>Aplicado pelo Inep desde 2004, o Enade integra o Sistema Nacional de Avalia\u00e7\u00e3o da Educa\u00e7\u00e3o Superior (Sinaes), composto tamb\u00e9m pela Avalia\u00e7\u00e3o de cursos de gradua\u00e7\u00e3o e pela Avalia\u00e7\u00e3o institucional. Juntos eles formam o trip\u00e9 avaliativo que permite conhecer a qualidade dos cursos e institui\u00e7\u00f5es de educa\u00e7\u00e3o superior brasileiras. Os resultados do Enade, aliados \u00e0s respostas do Question\u00e1rio do Estudante, s\u00e3o insumos para o c\u00e1lculo dos Indicadores de Qualidade da Educa\u00e7\u00e3o Superior.<\/p>\n<p>Diante da import\u00e2ncia do assunto, o Reitor, professor Arnaldo Nogaro (por v\u00eddeo), a Diretora-Geral, professora Dinara Bortoli Tomasi, as coordenadoras de curso, Cristiane Azambuja, do Direito, e Luciane de Oliveira, da Administra\u00e7\u00e3o, e a Secret\u00e1ria Geral Ana Luci, conversaram com o grupo para transmitir orienta\u00e7\u00f5es e enfatizar a relev\u00e2ncia de realizar a prova com empenho.<\/p>\n<div id='gallery-1' class='gallery galleryid-19963 gallery-columns-2 gallery-size-medium'><figure class='gallery-item'>\n\t\t\t<div class='gallery-icon landscape'>\n\t\t\t\t<a href='https:\/\/saoluiz.uri.br\/wordpress\/wp-content\/uploads\/2022\/05\/5f457652-9965-4ed6-afc8-5940524cbb36.jpg'><img loading=\"lazy\" decoding=\"async\" width=\"300\" height=\"225\" src=\"https:\/\/saoluiz.uri.br\/wordpress\/wp-content\/uploads\/2022\/05\/5f457652-9965-4ed6-afc8-5940524cbb36-300x225.jpg\" class=\"attachment-medium size-medium\" alt=\"\" srcset=\"https:\/\/saoluiz.uri.br\/wordpress\/wp-content\/uploads\/2022\/05\/5f457652-9965-4ed6-afc8-5940524cbb36-300x225.jpg 300w, https:\/\/saoluiz.uri.br\/wordpress\/wp-content\/uploads\/2022\/05\/5f457652-9965-4ed6-afc8-5940524cbb36-1024x768.jpg 1024w, https:\/\/saoluiz.uri.br\/wordpress\/wp-content\/uploads\/2022\/05\/5f457652-9965-4ed6-afc8-5940524cbb36-768x576.jpg 768w, https:\/\/saoluiz.uri.br\/wordpress\/wp-content\/uploads\/2022\/05\/5f457652-9965-4ed6-afc8-5940524cbb36-1536x1152.jpg 1536w, https:\/\/saoluiz.uri.br\/wordpress\/wp-content\/uploads\/2022\/05\/5f457652-9965-4ed6-afc8-5940524cbb36.jpg 1600w\" sizes=\"auto, (max-width: 300px) 100vw, 300px\" \/><\/a>\n\t\t\t<\/div><\/figure><figure class='gallery-item'>\n\t\t\t<div class='gallery-icon landscape'>\n\t\t\t\t<a href='https:\/\/saoluiz.uri.br\/wordpress\/wp-content\/uploads\/2022\/05\/12f80b81-e3f8-4ec3-b881-ad4f567fcb73.jpg'><img loading=\"lazy\" decoding=\"async\" width=\"300\" height=\"225\" src=\"https:\/\/saoluiz.uri.br\/wordpress\/wp-content\/uploads\/2022\/05\/12f80b81-e3f8-4ec3-b881-ad4f567fcb73-300x225.jpg\" class=\"attachment-medium size-medium\" alt=\"\" srcset=\"https:\/\/saoluiz.uri.br\/wordpress\/wp-content\/uploads\/2022\/05\/12f80b81-e3f8-4ec3-b881-ad4f567fcb73-300x225.jpg 300w, https:\/\/saoluiz.uri.br\/wordpress\/wp-content\/uploads\/2022\/05\/12f80b81-e3f8-4ec3-b881-ad4f567fcb73-1024x768.jpg 1024w, https:\/\/saoluiz.uri.br\/wordpress\/wp-content\/uploads\/2022\/05\/12f80b81-e3f8-4ec3-b881-ad4f567fcb73-768x576.jpg 768w, https:\/\/saoluiz.uri.br\/wordpress\/wp-content\/uploads\/2022\/05\/12f80b81-e3f8-4ec3-b881-ad4f567fcb73.jpg 1280w\" sizes=\"auto, (max-width: 300px) 100vw, 300px\" \/><\/a>\n\t\t\t<\/div><\/figure><figure class='gallery-item'>\n\t\t\t<div class='gallery-icon landscape'>\n\t\t\t\t<a href='https:\/\/saoluiz.uri.br\/wordpress\/wp-content\/uploads\/2022\/05\/3465d4df-81d8-4945-992a-6adcd2111405.jpg'><img loading=\"lazy\" decoding=\"async\" width=\"300\" height=\"225\" src=\"https:\/\/saoluiz.uri.br\/wordpress\/wp-content\/uploads\/2022\/05\/3465d4df-81d8-4945-992a-6adcd2111405-300x225.jpg\" class=\"attachment-medium size-medium\" alt=\"\" srcset=\"https:\/\/saoluiz.uri.br\/wordpress\/wp-content\/uploads\/2022\/05\/3465d4df-81d8-4945-992a-6adcd2111405-300x225.jpg 300w, https:\/\/saoluiz.uri.br\/wordpress\/wp-content\/uploads\/2022\/05\/3465d4df-81d8-4945-992a-6adcd2111405-1024x768.jpg 1024w, https:\/\/saoluiz.uri.br\/wordpress\/wp-content\/uploads\/2022\/05\/3465d4df-81d8-4945-992a-6adcd2111405-768x576.jpg 768w, https:\/\/saoluiz.uri.br\/wordpress\/wp-content\/uploads\/2022\/05\/3465d4df-81d8-4945-992a-6adcd2111405.jpg 1280w\" sizes=\"auto, (max-width: 300px) 100vw, 300px\" \/><\/a>\n\t\t\t<\/div><\/figure><figure class='gallery-item'>\n\t\t\t<div class='gallery-icon landscape'>\n\t\t\t\t<a href='https:\/\/saoluiz.uri.br\/wordpress\/wp-content\/uploads\/2022\/05\/fbcb7eb5-36b6-4b75-b1a2-3a62906152bb.jpg'><img loading=\"lazy\" decoding=\"async\" width=\"300\" height=\"225\" src=\"https:\/\/saoluiz.uri.br\/wordpress\/wp-content\/uploads\/2022\/05\/fbcb7eb5-36b6-4b75-b1a2-3a62906152bb-300x225.jpg\" class=\"attachment-medium size-medium\" alt=\"\" srcset=\"https:\/\/saoluiz.uri.br\/wordpress\/wp-content\/uploads\/2022\/05\/fbcb7eb5-36b6-4b75-b1a2-3a62906152bb-300x225.jpg 300w, https:\/\/saoluiz.uri.br\/wordpress\/wp-content\/uploads\/2022\/05\/fbcb7eb5-36b6-4b75-b1a2-3a62906152bb-1024x768.jpg 1024w, https:\/\/saoluiz.uri.br\/wordpress\/wp-content\/uploads\/2022\/05\/fbcb7eb5-36b6-4b75-b1a2-3a62906152bb-768x576.jpg 768w, https:\/\/saoluiz.uri.br\/wordpress\/wp-content\/uploads\/2022\/05\/fbcb7eb5-36b6-4b75-b1a2-3a62906152bb-1536x1152.jpg 1536w, https:\/\/saoluiz.uri.br\/wordpress\/wp-content\/uploads\/2022\/05\/fbcb7eb5-36b6-4b75-b1a2-3a62906152bb.jpg 1600w\" sizes=\"auto, (max-width: 300px) 100vw, 300px\" \/><\/a>\n\t\t\t<\/div><\/figure><figure class='gallery-item'>\n\t\t\t<div class='gallery-icon landscape'>\n\t\t\t\t<a href='https:\/\/saoluiz.uri.br\/wordpress\/wp-content\/uploads\/2022\/05\/0f8db4c0-84af-4a65-977f-899649a13bed.jpg'><img loading=\"lazy\" decoding=\"async\" width=\"300\" height=\"225\" src=\"https:\/\/saoluiz.uri.br\/wordpress\/wp-content\/uploads\/2022\/05\/0f8db4c0-84af-4a65-977f-899649a13bed-300x225.jpg\" class=\"attachment-medium size-medium\" alt=\"\" srcset=\"https:\/\/saoluiz.uri.br\/wordpress\/wp-content\/uploads\/2022\/05\/0f8db4c0-84af-4a65-977f-899649a13bed-300x225.jpg 300w, https:\/\/saoluiz.uri.br\/wordpress\/wp-content\/uploads\/2022\/05\/0f8db4c0-84af-4a65-977f-899649a13bed-1024x768.jpg 1024w, https:\/\/saoluiz.uri.br\/wordpress\/wp-content\/uploads\/2022\/05\/0f8db4c0-84af-4a65-977f-899649a13bed-768x576.jpg 768w, https:\/\/saoluiz.uri.br\/wordpress\/wp-content\/uploads\/2022\/05\/0f8db4c0-84af-4a65-977f-899649a13bed.jpg 1280w\" sizes=\"auto, (max-width: 300px) 100vw, 300px\" \/><\/a>\n\t\t\t<\/div><\/figure>\n\t\t<\/div>\n\n","protected":false},"excerpt":{"rendered":"<p>Na quarta-feira, 04, os acad\u00eamicos dos cursos de Administra\u00e7\u00e3o, Ci\u00eancias Cont\u00e1beis e Direito participaram de reuni\u00e3o que tratou sobre o Exame Nacional de Desempenho dos Estudantes (Enade). Os discentes dessas turmas far\u00e3o, em novembro, a prova que avalia o rendimento dos concluintes dos cursos de gradua\u00e7\u00e3o em rela\u00e7\u00e3o aos conte\u00fados program\u00e1ticos previstos nas diretrizes curriculares [&hellip;]<\/p>\n","protected":false},"author":6,"featured_media":19968,"comment_status":"open","ping_status":"open","sticky":false,"template":"","format":"standard","meta":{"footnotes":""},"categories":[13,14,15,4,1],"tags":[],"class_list":["post-19963","post","type-post","status-publish","format-standard","has-post-thumbnail","hentry","category-administracao","category-ciencias-contabeis","category-direito","category-graduacao","category-noticias"],"_links":{"self":[{"href":"https:\/\/saoluiz.uri.br\/wordpress\/index.php\/wp-json\/wp\/v2\/posts\/19963","targetHints":{"allow":["GET"]}}],"collection":[{"href":"https:\/\/saoluiz.uri.br\/wordpress\/index.php\/wp-json\/wp\/v2\/posts"}],"about":[{"href":"https:\/\/saoluiz.uri.br\/wordpress\/index.php\/wp-json\/wp\/v2\/types\/post"}],"author":[{"embeddable":true,"href":"https:\/\/saoluiz.uri.br\/wordpress\/index.php\/wp-json\/wp\/v2\/users\/6"}],"replies":[{"embeddable":true,"href":"https:\/\/saoluiz.uri.br\/wordpress\/index.php\/wp-json\/wp\/v2\/comments?post=19963"}],"version-history":[{"count":4,"href":"https:\/\/saoluiz.uri.br\/wordpress\/index.php\/wp-json\/wp\/v2\/posts\/19963\/revisions"}],"predecessor-version":[{"id":19972,"href":"https:\/\/saoluiz.uri.br\/wordpress\/index.php\/wp-json\/wp\/v2\/posts\/19963\/revisions\/19972"}],"wp:featuredmedia":[{"embeddable":true,"href":"https:\/\/saoluiz.uri.br\/wordpress\/index.php\/wp-json\/wp\/v2\/media\/19968"}],"wp:attachment":[{"href":"https:\/\/saoluiz.uri.br\/wordpress\/index.php\/wp-json\/wp\/v2\/media?parent=19963"}],"wp:term":[{"taxonomy":"category","embeddable":true,"href":"https:\/\/saoluiz.uri.br\/wordpress\/index.php\/wp-json\/wp\/v2\/categories?post=19963"},{"taxonomy":"post_tag","embeddable":true,"href":"https:\/\/saoluiz.uri.br\/wordpress\/index.php\/wp-json\/wp\/v2\/tags?post=19963"}],"curies":[{"name":"wp","href":"https:\/\/api.w.org\/{rel}","templated":true}]}}