{"id":19716,"date":"2022-03-26T11:17:03","date_gmt":"2022-03-26T14:17:03","guid":{"rendered":"https:\/\/saoluiz.uri.br\/wordpress\/?p=19716"},"modified":"2022-03-26T11:17:03","modified_gmt":"2022-03-26T14:17:03","slug":"alunos-das-licenciaturas-do-ead-uri-participam-de-web-conferencia-sobre-a-bncc","status":"publish","type":"post","link":"https:\/\/saoluiz.uri.br\/wordpress\/index.php\/2022\/03\/26\/alunos-das-licenciaturas-do-ead-uri-participam-de-web-conferencia-sobre-a-bncc\/","title":{"rendered":"Alunos das licenciaturas do EAD URI participam de web confer\u00eancia sobre a BNCC"},"content":{"rendered":"<p>Na quinta-feira, 24, alunos dos cursos de licenciatura do EAD URI participaram de web confer\u00eancia com a professora Maria Cristina Aita, que abordou o tema \u201cBNCC: Di\u00e1logos Necess\u00e1rios para a Implanta\u00e7\u00e3o dos Curr\u00edculos da Educa\u00e7\u00e3o B\u00e1sica\u201d. O momento de compartilhamento de saberes e forma\u00e7\u00e3o foi mediado pela professora Juliana Antes, Coordenadora dos Cursos de Licenciatura, e pelo professor Fernando Battisti, Gestor do Polo de Frederico Westphalen.<\/p>\n<p>A Base Nacional Comum Curricular (BNCC) \u00e9 fruto de in\u00fameros debates e regulamenta\u00e7\u00f5es legais. \u00c9 um documento elaborado para orientar o ensino no Brasil, que foi promulgada pelo Minist\u00e9rio da Educa\u00e7\u00e3o em 2017.<\/p>\n<p>A BNCC guia as escolas nos processos de gest\u00e3o curricular e \u00e9 um documento elaborado para orientar o ensino no Brasil, desde a Educa\u00e7\u00e3o Infantil at\u00e9 o Ensino M\u00e9dio.<\/p>\n<div id='gallery-1' class='gallery galleryid-19716 gallery-columns-1 gallery-size-medium'><figure class='gallery-item'>\n\t\t\t<div class='gallery-icon landscape'>\n\t\t\t\t<a href='https:\/\/saoluiz.uri.br\/wordpress\/wp-content\/uploads\/2022\/03\/a8c08f9d-6b75-47b5-8551-b562ce2bb5ca.jpg'><img loading=\"lazy\" decoding=\"async\" width=\"300\" height=\"198\" src=\"https:\/\/saoluiz.uri.br\/wordpress\/wp-content\/uploads\/2022\/03\/a8c08f9d-6b75-47b5-8551-b562ce2bb5ca-300x198.jpg\" class=\"attachment-medium size-medium\" alt=\"\" srcset=\"https:\/\/saoluiz.uri.br\/wordpress\/wp-content\/uploads\/2022\/03\/a8c08f9d-6b75-47b5-8551-b562ce2bb5ca-300x198.jpg 300w, https:\/\/saoluiz.uri.br\/wordpress\/wp-content\/uploads\/2022\/03\/a8c08f9d-6b75-47b5-8551-b562ce2bb5ca-1024x675.jpg 1024w, https:\/\/saoluiz.uri.br\/wordpress\/wp-content\/uploads\/2022\/03\/a8c08f9d-6b75-47b5-8551-b562ce2bb5ca-768x506.jpg 768w, https:\/\/saoluiz.uri.br\/wordpress\/wp-content\/uploads\/2022\/03\/a8c08f9d-6b75-47b5-8551-b562ce2bb5ca.jpg 1280w\" sizes=\"auto, (max-width: 300px) 100vw, 300px\" \/><\/a>\n\t\t\t<\/div><\/figure><figure class='gallery-item'>\n\t\t\t<div class='gallery-icon landscape'>\n\t\t\t\t<a href='https:\/\/saoluiz.uri.br\/wordpress\/wp-content\/uploads\/2022\/03\/92008050-71a9-44f4-ae7d-e5748368f176.jpg'><img loading=\"lazy\" decoding=\"async\" width=\"300\" height=\"143\" src=\"https:\/\/saoluiz.uri.br\/wordpress\/wp-content\/uploads\/2022\/03\/92008050-71a9-44f4-ae7d-e5748368f176-300x143.jpg\" class=\"attachment-medium size-medium\" alt=\"\" srcset=\"https:\/\/saoluiz.uri.br\/wordpress\/wp-content\/uploads\/2022\/03\/92008050-71a9-44f4-ae7d-e5748368f176-300x143.jpg 300w, https:\/\/saoluiz.uri.br\/wordpress\/wp-content\/uploads\/2022\/03\/92008050-71a9-44f4-ae7d-e5748368f176-1024x486.jpg 1024w, https:\/\/saoluiz.uri.br\/wordpress\/wp-content\/uploads\/2022\/03\/92008050-71a9-44f4-ae7d-e5748368f176-768x365.jpg 768w, https:\/\/saoluiz.uri.br\/wordpress\/wp-content\/uploads\/2022\/03\/92008050-71a9-44f4-ae7d-e5748368f176.jpg 1280w\" sizes=\"auto, (max-width: 300px) 100vw, 300px\" \/><\/a>\n\t\t\t<\/div><\/figure><figure class='gallery-item'>\n\t\t\t<div class='gallery-icon landscape'>\n\t\t\t\t<a href='https:\/\/saoluiz.uri.br\/wordpress\/wp-content\/uploads\/2022\/03\/a46503af-2dec-460f-aa53-1a3f3d9b454f.jpg'><img loading=\"lazy\" decoding=\"async\" width=\"300\" height=\"290\" src=\"https:\/\/saoluiz.uri.br\/wordpress\/wp-content\/uploads\/2022\/03\/a46503af-2dec-460f-aa53-1a3f3d9b454f-300x290.jpg\" class=\"attachment-medium size-medium\" alt=\"\" srcset=\"https:\/\/saoluiz.uri.br\/wordpress\/wp-content\/uploads\/2022\/03\/a46503af-2dec-460f-aa53-1a3f3d9b454f-300x290.jpg 300w, https:\/\/saoluiz.uri.br\/wordpress\/wp-content\/uploads\/2022\/03\/a46503af-2dec-460f-aa53-1a3f3d9b454f-1024x990.jpg 1024w, https:\/\/saoluiz.uri.br\/wordpress\/wp-content\/uploads\/2022\/03\/a46503af-2dec-460f-aa53-1a3f3d9b454f-768x743.jpg 768w, https:\/\/saoluiz.uri.br\/wordpress\/wp-content\/uploads\/2022\/03\/a46503af-2dec-460f-aa53-1a3f3d9b454f.jpg 1125w\" sizes=\"auto, (max-width: 300px) 100vw, 300px\" \/><\/a>\n\t\t\t<\/div><\/figure><figure class='gallery-item'>\n\t\t\t<div class='gallery-icon landscape'>\n\t\t\t\t<a href='https:\/\/saoluiz.uri.br\/wordpress\/wp-content\/uploads\/2022\/03\/668f3ecb-6dfe-44bb-9cec-f1e684172895.jpg'><img loading=\"lazy\" decoding=\"async\" width=\"300\" height=\"134\" src=\"https:\/\/saoluiz.uri.br\/wordpress\/wp-content\/uploads\/2022\/03\/668f3ecb-6dfe-44bb-9cec-f1e684172895-300x134.jpg\" class=\"attachment-medium size-medium\" alt=\"\" srcset=\"https:\/\/saoluiz.uri.br\/wordpress\/wp-content\/uploads\/2022\/03\/668f3ecb-6dfe-44bb-9cec-f1e684172895-300x134.jpg 300w, https:\/\/saoluiz.uri.br\/wordpress\/wp-content\/uploads\/2022\/03\/668f3ecb-6dfe-44bb-9cec-f1e684172895-1024x458.jpg 1024w, https:\/\/saoluiz.uri.br\/wordpress\/wp-content\/uploads\/2022\/03\/668f3ecb-6dfe-44bb-9cec-f1e684172895-768x344.jpg 768w, https:\/\/saoluiz.uri.br\/wordpress\/wp-content\/uploads\/2022\/03\/668f3ecb-6dfe-44bb-9cec-f1e684172895.jpg 1231w\" sizes=\"auto, (max-width: 300px) 100vw, 300px\" \/><\/a>\n\t\t\t<\/div><\/figure>\n\t\t<\/div>\n\n","protected":false},"excerpt":{"rendered":"<p>Na quinta-feira, 24, alunos dos cursos de licenciatura do EAD URI participaram de web confer\u00eancia com a professora Maria Cristina Aita, que abordou o tema \u201cBNCC: Di\u00e1logos Necess\u00e1rios para a Implanta\u00e7\u00e3o dos Curr\u00edculos da Educa\u00e7\u00e3o B\u00e1sica\u201d. O momento de compartilhamento de saberes e forma\u00e7\u00e3o foi mediado pela professora Juliana Antes, Coordenadora dos Cursos de Licenciatura, [&hellip;]<\/p>\n","protected":false},"author":6,"featured_media":19719,"comment_status":"open","ping_status":"open","sticky":false,"template":"","format":"standard","meta":{"footnotes":""},"categories":[3,155,1],"tags":[],"class_list":["post-19716","post","type-post","status-publish","format-standard","has-post-thumbnail","hentry","category-destaques","category-ead-uri","category-noticias"],"_links":{"self":[{"href":"https:\/\/saoluiz.uri.br\/wordpress\/index.php\/wp-json\/wp\/v2\/posts\/19716","targetHints":{"allow":["GET"]}}],"collection":[{"href":"https:\/\/saoluiz.uri.br\/wordpress\/index.php\/wp-json\/wp\/v2\/posts"}],"about":[{"href":"https:\/\/saoluiz.uri.br\/wordpress\/index.php\/wp-json\/wp\/v2\/types\/post"}],"author":[{"embeddable":true,"href":"https:\/\/saoluiz.uri.br\/wordpress\/index.php\/wp-json\/wp\/v2\/users\/6"}],"replies":[{"embeddable":true,"href":"https:\/\/saoluiz.uri.br\/wordpress\/index.php\/wp-json\/wp\/v2\/comments?post=19716"}],"version-history":[{"count":1,"href":"https:\/\/saoluiz.uri.br\/wordpress\/index.php\/wp-json\/wp\/v2\/posts\/19716\/revisions"}],"predecessor-version":[{"id":19721,"href":"https:\/\/saoluiz.uri.br\/wordpress\/index.php\/wp-json\/wp\/v2\/posts\/19716\/revisions\/19721"}],"wp:featuredmedia":[{"embeddable":true,"href":"https:\/\/saoluiz.uri.br\/wordpress\/index.php\/wp-json\/wp\/v2\/media\/19719"}],"wp:attachment":[{"href":"https:\/\/saoluiz.uri.br\/wordpress\/index.php\/wp-json\/wp\/v2\/media?parent=19716"}],"wp:term":[{"taxonomy":"category","embeddable":true,"href":"https:\/\/saoluiz.uri.br\/wordpress\/index.php\/wp-json\/wp\/v2\/categories?post=19716"},{"taxonomy":"post_tag","embeddable":true,"href":"https:\/\/saoluiz.uri.br\/wordpress\/index.php\/wp-json\/wp\/v2\/tags?post=19716"}],"curies":[{"name":"wp","href":"https:\/\/api.w.org\/{rel}","templated":true}]}}