{"id":17102,"date":"2020-10-20T15:58:31","date_gmt":"2020-10-20T18:58:31","guid":{"rendered":"https:\/\/saoluiz.uri.br\/wordpress\/?p=17102"},"modified":"2020-10-20T15:59:38","modified_gmt":"2020-10-20T18:59:38","slug":"xiv-coloquio-internacional-da-uri-sao-luiz-gonzaga-inicia-nesta-terca-feira-saiba-como-acompanhar","status":"publish","type":"post","link":"https:\/\/saoluiz.uri.br\/wordpress\/index.php\/2020\/10\/20\/xiv-coloquio-internacional-da-uri-sao-luiz-gonzaga-inicia-nesta-terca-feira-saiba-como-acompanhar\/","title":{"rendered":"XIV Col\u00f3quio Internacional da URI &#8211; S\u00e3o Luiz Gonzaga inicia nesta ter\u00e7a-feira. Saiba como assistir"},"content":{"rendered":"<p>O XIV Col\u00f3quio Internacional da URI &#8211; S\u00e3o Luiz Gonzaga inicia nesta ter\u00e7a-feira (20\/10), \u00e0s 19h15min. A confer\u00eancia de abertura ser\u00e1 com Lu\u00eds Lamb &#8211; Secret\u00e1rio de Ci\u00eancia e Tecnologia do Rio Grande do Sul.<\/p>\n<p><strong>A transmiss\u00e3o ser\u00e1 pelo canal da Universidade no YouTube (<a href=\"https:\/\/youtu.be\/RDXdQbYOVDo\">https:\/\/youtu.be\/RDXdQbYOVDo<\/a>).\u00a0<\/strong><\/p>\n<p>Mais tarde, ap\u00f3s a confer\u00eancia, inicia o Sal\u00e3o de Inicia\u00e7\u00e3o Cient\u00edfica: Espa\u00e7o de Imers\u00e3o na Pesquisa e Extens\u00e3o. As apresenta\u00e7\u00f5es foram divididas em grupos.<\/p>\n<p><strong>Grupo de trabalho 1 &#8211; Administra\u00e7\u00e3o e Ci\u00eancias Cont\u00e1beis<\/strong> (<a href=\"https:\/\/www.youtube.com\/channel\/UCRKRilQEJOiv3ReA4AfF1cw\">https:\/\/www.youtube.com\/channel\/UCRKRilQEJOiv3ReA4AfF1cw<\/a>)<\/p>\n<p><strong>Grupo de trabalho 2 &#8211; Direito<\/strong><\/p>\n<p>(<a href=\"https:\/\/www.youtube.com\/channel\/UC4sqoJFHx3tzE9zKHD9ME5A\">https:\/\/www.youtube.com\/channel\/UC4sqoJFHx3tzE9zKHD9ME5A<\/a>)<\/p>\n<p><strong>Grupo de trabalho 3 &#8211; Educa\u00e7\u00e3o F\u00edsica e Fisioterapia<\/strong><\/p>\n<p>(<a href=\"https:\/\/www.youtube.com\/channel\/UCyRFK2Aw_JLMWy_Isbz-W1w\">https:\/\/www.youtube.com\/channel\/UCyRFK2Aw_JLMWy_Isbz-W1w<\/a>)<\/p>\n<p><strong>Grupo de trabalho 5 &#8211; Meio ambiente e Educa\u00e7\u00e3o<\/strong><\/p>\n<p>(<a href=\"https:\/\/www.youtube.com\/channel\/UCmFCID-_3RH9K1deQjD_tBQ\">https:\/\/www.youtube.com\/channel\/UCmFCID-_3RH9K1deQjD_tBQ)<\/a><\/p>\n<p><strong><a href=\"https:\/\/saoluiz.uri.br\/wordpress\/divulgada-a-programacao-do-xiv-coloquio-internacional-da-uri-sao-luiz\/\">Leia mais: Divulgada a programa\u00e7\u00e3o do XIV Col\u00f3quio Internacional da URI S\u00e3o Luiz<\/a><\/strong><\/p>\n<p>&nbsp;<\/p>\n","protected":false},"excerpt":{"rendered":"<p>O XIV Col\u00f3quio Internacional da URI &#8211; S\u00e3o Luiz Gonzaga inicia nesta ter\u00e7a-feira (20\/10), \u00e0s 19h15min. A confer\u00eancia de abertura ser\u00e1 com Lu\u00eds Lamb &#8211; Secret\u00e1rio de Ci\u00eancia e Tecnologia do Rio Grande do Sul. A transmiss\u00e3o ser\u00e1 pelo canal da Universidade no YouTube (https:\/\/youtu.be\/RDXdQbYOVDo).\u00a0 Mais tarde, ap\u00f3s a confer\u00eancia, inicia o Sal\u00e3o de Inicia\u00e7\u00e3o [&hellip;]<\/p>\n","protected":false},"author":6,"featured_media":17103,"comment_status":"open","ping_status":"open","sticky":false,"template":"","format":"standard","meta":{"footnotes":""},"categories":[3,9,4,1],"tags":[],"class_list":["post-17102","post","type-post","status-publish","format-standard","has-post-thumbnail","hentry","category-destaques","category-coloquio","category-graduacao","category-noticias"],"_links":{"self":[{"href":"https:\/\/saoluiz.uri.br\/wordpress\/index.php\/wp-json\/wp\/v2\/posts\/17102","targetHints":{"allow":["GET"]}}],"collection":[{"href":"https:\/\/saoluiz.uri.br\/wordpress\/index.php\/wp-json\/wp\/v2\/posts"}],"about":[{"href":"https:\/\/saoluiz.uri.br\/wordpress\/index.php\/wp-json\/wp\/v2\/types\/post"}],"author":[{"embeddable":true,"href":"https:\/\/saoluiz.uri.br\/wordpress\/index.php\/wp-json\/wp\/v2\/users\/6"}],"replies":[{"embeddable":true,"href":"https:\/\/saoluiz.uri.br\/wordpress\/index.php\/wp-json\/wp\/v2\/comments?post=17102"}],"version-history":[{"count":0,"href":"https:\/\/saoluiz.uri.br\/wordpress\/index.php\/wp-json\/wp\/v2\/posts\/17102\/revisions"}],"wp:featuredmedia":[{"embeddable":true,"href":"https:\/\/saoluiz.uri.br\/wordpress\/index.php\/wp-json\/wp\/v2\/media\/17103"}],"wp:attachment":[{"href":"https:\/\/saoluiz.uri.br\/wordpress\/index.php\/wp-json\/wp\/v2\/media?parent=17102"}],"wp:term":[{"taxonomy":"category","embeddable":true,"href":"https:\/\/saoluiz.uri.br\/wordpress\/index.php\/wp-json\/wp\/v2\/categories?post=17102"},{"taxonomy":"post_tag","embeddable":true,"href":"https:\/\/saoluiz.uri.br\/wordpress\/index.php\/wp-json\/wp\/v2\/tags?post=17102"}],"curies":[{"name":"wp","href":"https:\/\/api.w.org\/{rel}","templated":true}]}}