{"id":12975,"date":"2019-05-30T18:22:49","date_gmt":"2019-05-30T21:22:49","guid":{"rendered":"https:\/\/saoluiz.uri.br\/wordpress\/?p=12975"},"modified":"2019-05-30T18:22:49","modified_gmt":"2019-05-30T21:22:49","slug":"inscricoes-para-mestrado-e-doutorado-em-educacao-encerram-nesta-sexta-feira-31","status":"publish","type":"post","link":"https:\/\/saoluiz.uri.br\/wordpress\/index.php\/2019\/05\/30\/inscricoes-para-mestrado-e-doutorado-em-educacao-encerram-nesta-sexta-feira-31\/","title":{"rendered":"Inscri\u00e7\u00f5es para Mestrado e Doutorado em Educa\u00e7\u00e3o encerram nesta sexta-feira (31)"},"content":{"rendered":"<p>(30\/05\/2019)<\/p>\n<div id=\"content\" class=\"outro tam5\">\n<div class=\"post\">\n<div class=\"descricao\">\n<p>O Programa de P\u00f3s-Gradua\u00e7\u00e3o em Educa\u00e7\u00e3o \u2013 Mestrado e Doutorado da URI, lan\u00e7a o edital do Processo de Sele\u00e7\u00e3o 2019 para ingresso nas Turmas de Mestrado e Doutorado.<\/p>\n<p><a href=\"http:\/\/www.fw.uri.br\/site\/verarquivo.php?arq=files\/2019_Edital_PPGEDU.pdf\">CLIQUE AQUI E CONFIRA O EDITAL<\/a><\/p>\n<p><strong>Inscri\u00e7\u00f5es encerram nesta sexta-feira (31)<br \/>\n<\/strong><\/p>\n<p>A homologa\u00e7\u00e3o das inscri\u00e7\u00f5es ser\u00e1 divulgada no dia 07 de junho e a prova seletiva ocorrer\u00e1 no dia 14 de junho.<\/p>\n<p>A lista dos aprovados ser\u00e1 divulgada no dia 28 de junho. Os candidatos aprovados ser\u00e3o entrevistados nos dias 04 e 05 de julho e o resultado final ser\u00e1 divulgado no dia 12 de julho.<\/p>\n<p><strong>Lembre-se da matr\u00edcula:<\/strong><\/p>\n<p>As matr\u00edculas dos aprovados dever\u00e3o ser feitas nos dias 15 e 16 de julho.<\/p>\n<p><strong>O PPGEDU oferece tr\u00eas linhas de pesquisas:<\/strong><\/p>\n<p>1)\u00a0\u00a0\u00a0 Forma\u00e7\u00e3o de Professores, Saberes e Pr\u00e1ticas Educativas;<\/p>\n<p>2)\u00a0\u00a0\u00a0 Pol\u00edticas p\u00fablicas e Gest\u00e3o da educa\u00e7\u00e3o;<\/p>\n<p>3)\u00a0\u00a0\u00a0 Processos educativos, Linguagens e Tecnologias.<\/p>\n<p>Mais informa\u00e7\u00f5es pelo email: ppgedu@uri.edu.br ou pelo fone (55) 3744-9285 <strong>|\u00a0<\/strong>Celular\/WhatsApp: (55) 9 9723-4674<\/p>\n<\/div>\n<\/div>\n<\/div>\n<div class=\"fonte tr\">\n<h4 class=\"descFonte td\" align=\"left\"><strong>Fonte:\u00a0<a class=\"linkDes\">Philipe Pires e Gherusa Cassol &#8211; Assessoria de Imprensa URI\/FW<\/a><\/strong><\/h4>\n<\/div>\n","protected":false},"excerpt":{"rendered":"<p>(30\/05\/2019) O Programa de P\u00f3s-Gradua\u00e7\u00e3o em Educa\u00e7\u00e3o \u2013 Mestrado e Doutorado da URI, lan\u00e7a o edital do Processo de Sele\u00e7\u00e3o 2019 para ingresso nas Turmas de Mestrado e Doutorado. CLIQUE AQUI E CONFIRA O EDITAL Inscri\u00e7\u00f5es encerram nesta sexta-feira (31) A homologa\u00e7\u00e3o das inscri\u00e7\u00f5es ser\u00e1 divulgada no dia 07 de junho e a prova seletiva [&hellip;]<\/p>\n","protected":false},"author":6,"featured_media":12976,"comment_status":"open","ping_status":"open","sticky":false,"template":"","format":"standard","meta":{"footnotes":""},"categories":[3,1,6],"tags":[],"class_list":["post-12975","post","type-post","status-publish","format-standard","has-post-thumbnail","hentry","category-destaques","category-noticias","category-pos-graduacao"],"_links":{"self":[{"href":"https:\/\/saoluiz.uri.br\/wordpress\/index.php\/wp-json\/wp\/v2\/posts\/12975","targetHints":{"allow":["GET"]}}],"collection":[{"href":"https:\/\/saoluiz.uri.br\/wordpress\/index.php\/wp-json\/wp\/v2\/posts"}],"about":[{"href":"https:\/\/saoluiz.uri.br\/wordpress\/index.php\/wp-json\/wp\/v2\/types\/post"}],"author":[{"embeddable":true,"href":"https:\/\/saoluiz.uri.br\/wordpress\/index.php\/wp-json\/wp\/v2\/users\/6"}],"replies":[{"embeddable":true,"href":"https:\/\/saoluiz.uri.br\/wordpress\/index.php\/wp-json\/wp\/v2\/comments?post=12975"}],"version-history":[{"count":0,"href":"https:\/\/saoluiz.uri.br\/wordpress\/index.php\/wp-json\/wp\/v2\/posts\/12975\/revisions"}],"wp:featuredmedia":[{"embeddable":true,"href":"https:\/\/saoluiz.uri.br\/wordpress\/index.php\/wp-json\/wp\/v2\/media\/12976"}],"wp:attachment":[{"href":"https:\/\/saoluiz.uri.br\/wordpress\/index.php\/wp-json\/wp\/v2\/media?parent=12975"}],"wp:term":[{"taxonomy":"category","embeddable":true,"href":"https:\/\/saoluiz.uri.br\/wordpress\/index.php\/wp-json\/wp\/v2\/categories?post=12975"},{"taxonomy":"post_tag","embeddable":true,"href":"https:\/\/saoluiz.uri.br\/wordpress\/index.php\/wp-json\/wp\/v2\/tags?post=12975"}],"curies":[{"name":"wp","href":"https:\/\/api.w.org\/{rel}","templated":true}]}}