{"id":12966,"date":"2019-05-29T20:32:06","date_gmt":"2019-05-29T23:32:06","guid":{"rendered":"https:\/\/saoluiz.uri.br\/wordpress\/?p=12966"},"modified":"2019-05-29T20:32:06","modified_gmt":"2019-05-29T23:32:06","slug":"arraia-da-uri-sao-luiz-sera-no-dia-7-de-junho","status":"publish","type":"post","link":"https:\/\/saoluiz.uri.br\/wordpress\/index.php\/2019\/05\/29\/arraia-da-uri-sao-luiz-sera-no-dia-7-de-junho\/","title":{"rendered":"Arrai\u00e1 da URI S\u00e3o Luiz ser\u00e1 no dia 7 de junho"},"content":{"rendered":"<p>(29\/05\/2019)<\/p>\n<p>A tradicional Festa Junina da URI S\u00e3o Luiz j\u00e1 tem data definida: 7 de junho, sexta-feira. Promovida pela Escola B\u00e1sica, a comemora\u00e7\u00e3o ocorrer\u00e1 no gin\u00e1sio e tem muitas atividades previstas.<\/p>\n<p>O in\u00edcio est\u00e1 marcado para \u00e0s 19h, com a entrada pelo port\u00e3o principal. Pela quadra, diversas tendas v\u00e3o disponibilizar doces t\u00edpicos da celebra\u00e7\u00e3o.<\/p>\n<p>Al\u00e9m disso, os organizadores est\u00e3o preparando muitas apresenta\u00e7\u00f5es art\u00edsticas, como o casamento caipira, que ser\u00e1 promovido pelo Terceir\u00e3o. As exibi\u00e7\u00f5es come\u00e7as \u00e0s 20h. N\u00e3o perca!<\/p>\n<h4><strong>Fonte: URI S\u00e3o Luiz<\/strong><\/h4>\n","protected":false},"excerpt":{"rendered":"<p>(29\/05\/2019) A tradicional Festa Junina da URI S\u00e3o Luiz j\u00e1 tem data definida: 7 de junho, sexta-feira. Promovida pela Escola B\u00e1sica, a comemora\u00e7\u00e3o ocorrer\u00e1 no gin\u00e1sio e tem muitas atividades previstas. O in\u00edcio est\u00e1 marcado para \u00e0s 19h, com a entrada pelo port\u00e3o principal. Pela quadra, diversas tendas v\u00e3o disponibilizar doces t\u00edpicos da celebra\u00e7\u00e3o. Al\u00e9m [&hellip;]<\/p>\n","protected":false},"author":6,"featured_media":12967,"comment_status":"open","ping_status":"open","sticky":false,"template":"","format":"standard","meta":{"footnotes":""},"categories":[3,5,1],"tags":[],"class_list":["post-12966","post","type-post","status-publish","format-standard","has-post-thumbnail","hentry","category-destaques","category-escola-basica","category-noticias"],"_links":{"self":[{"href":"https:\/\/saoluiz.uri.br\/wordpress\/index.php\/wp-json\/wp\/v2\/posts\/12966","targetHints":{"allow":["GET"]}}],"collection":[{"href":"https:\/\/saoluiz.uri.br\/wordpress\/index.php\/wp-json\/wp\/v2\/posts"}],"about":[{"href":"https:\/\/saoluiz.uri.br\/wordpress\/index.php\/wp-json\/wp\/v2\/types\/post"}],"author":[{"embeddable":true,"href":"https:\/\/saoluiz.uri.br\/wordpress\/index.php\/wp-json\/wp\/v2\/users\/6"}],"replies":[{"embeddable":true,"href":"https:\/\/saoluiz.uri.br\/wordpress\/index.php\/wp-json\/wp\/v2\/comments?post=12966"}],"version-history":[{"count":0,"href":"https:\/\/saoluiz.uri.br\/wordpress\/index.php\/wp-json\/wp\/v2\/posts\/12966\/revisions"}],"wp:featuredmedia":[{"embeddable":true,"href":"https:\/\/saoluiz.uri.br\/wordpress\/index.php\/wp-json\/wp\/v2\/media\/12967"}],"wp:attachment":[{"href":"https:\/\/saoluiz.uri.br\/wordpress\/index.php\/wp-json\/wp\/v2\/media?parent=12966"}],"wp:term":[{"taxonomy":"category","embeddable":true,"href":"https:\/\/saoluiz.uri.br\/wordpress\/index.php\/wp-json\/wp\/v2\/categories?post=12966"},{"taxonomy":"post_tag","embeddable":true,"href":"https:\/\/saoluiz.uri.br\/wordpress\/index.php\/wp-json\/wp\/v2\/tags?post=12966"}],"curies":[{"name":"wp","href":"https:\/\/api.w.org\/{rel}","templated":true}]}}