{"id":12960,"date":"2019-05-29T19:35:51","date_gmt":"2019-05-29T22:35:51","guid":{"rendered":"https:\/\/saoluiz.uri.br\/wordpress\/?p=12960"},"modified":"2019-05-29T19:43:39","modified_gmt":"2019-05-29T22:43:39","slug":"mais-de-450-alunos-da-escola-basica-da-uri-participaram-do-dia-do-desafio","status":"publish","type":"post","link":"https:\/\/saoluiz.uri.br\/wordpress\/index.php\/2019\/05\/29\/mais-de-450-alunos-da-escola-basica-da-uri-participaram-do-dia-do-desafio\/","title":{"rendered":"Mais de 450 alunos da Escola B\u00e1sica da URI participaram do Dia do Desafio"},"content":{"rendered":"<p>(29\/05\/2019)<\/p>\n<p>Nesta quarta-feira (29), foi realizado o Dia do Desafio \u2013 evento difundido mundialmente como incentivo \u00e0 pr\u00e1tica regular de atividades f\u00edsicas em benef\u00edcio da sa\u00fade. A data recomenda que as pessoas suspendam suas ocupa\u00e7\u00f5es habituais e pratiquem, por pelo menos 15 minutos consecutivos, qualquer tipo de atividade f\u00edsica.<\/p>\n<p>Neste ano, como em anteriores, a URI S\u00e3o Luiz abra\u00e7ou a ideia e reuniu grupos de participantes em dois turnos. Pela manh\u00e3, 173 alunos da Escola B\u00e1sica se integraram na atividade. No per\u00edodo da tarde foram 280.<\/p>\n<p>Com isso, a Universidade movimentou mais de 450 pessoas entre estudantes e funcion\u00e1rios. A atividade &#8211; que em S\u00e3o Luiz Gonzaga foi coordenada pelo Sesc &#8211; teve o lema: \u201cVoc\u00ea se mexe e o mundo mexe junto\u201d.<\/p>\n<h4><strong>Fonte: URI S\u00e3o Luiz<\/strong><\/h4>\n","protected":false},"excerpt":{"rendered":"<p>(29\/05\/2019) Nesta quarta-feira (29), foi realizado o Dia do Desafio \u2013 evento difundido mundialmente como incentivo \u00e0 pr\u00e1tica regular de atividades f\u00edsicas em benef\u00edcio da sa\u00fade. A data recomenda que as pessoas suspendam suas ocupa\u00e7\u00f5es habituais e pratiquem, por pelo menos 15 minutos consecutivos, qualquer tipo de atividade f\u00edsica. Neste ano, como em anteriores, a [&hellip;]<\/p>\n","protected":false},"author":6,"featured_media":12963,"comment_status":"open","ping_status":"open","sticky":false,"template":"","format":"standard","meta":{"footnotes":""},"categories":[3,5,1],"tags":[],"class_list":["post-12960","post","type-post","status-publish","format-standard","has-post-thumbnail","hentry","category-destaques","category-escola-basica","category-noticias"],"_links":{"self":[{"href":"https:\/\/saoluiz.uri.br\/wordpress\/index.php\/wp-json\/wp\/v2\/posts\/12960","targetHints":{"allow":["GET"]}}],"collection":[{"href":"https:\/\/saoluiz.uri.br\/wordpress\/index.php\/wp-json\/wp\/v2\/posts"}],"about":[{"href":"https:\/\/saoluiz.uri.br\/wordpress\/index.php\/wp-json\/wp\/v2\/types\/post"}],"author":[{"embeddable":true,"href":"https:\/\/saoluiz.uri.br\/wordpress\/index.php\/wp-json\/wp\/v2\/users\/6"}],"replies":[{"embeddable":true,"href":"https:\/\/saoluiz.uri.br\/wordpress\/index.php\/wp-json\/wp\/v2\/comments?post=12960"}],"version-history":[{"count":0,"href":"https:\/\/saoluiz.uri.br\/wordpress\/index.php\/wp-json\/wp\/v2\/posts\/12960\/revisions"}],"wp:featuredmedia":[{"embeddable":true,"href":"https:\/\/saoluiz.uri.br\/wordpress\/index.php\/wp-json\/wp\/v2\/media\/12963"}],"wp:attachment":[{"href":"https:\/\/saoluiz.uri.br\/wordpress\/index.php\/wp-json\/wp\/v2\/media?parent=12960"}],"wp:term":[{"taxonomy":"category","embeddable":true,"href":"https:\/\/saoluiz.uri.br\/wordpress\/index.php\/wp-json\/wp\/v2\/categories?post=12960"},{"taxonomy":"post_tag","embeddable":true,"href":"https:\/\/saoluiz.uri.br\/wordpress\/index.php\/wp-json\/wp\/v2\/tags?post=12960"}],"curies":[{"name":"wp","href":"https:\/\/api.w.org\/{rel}","templated":true}]}}