{"id":12939,"date":"2019-05-29T14:13:06","date_gmt":"2019-05-29T17:13:06","guid":{"rendered":"https:\/\/saoluiz.uri.br\/wordpress\/?p=12939"},"modified":"2019-05-29T15:26:42","modified_gmt":"2019-05-29T18:26:42","slug":"ciclo-de-palestras-marcou-segunda-noite-da-semana-academica-da-engenharia-eletrica","status":"publish","type":"post","link":"https:\/\/saoluiz.uri.br\/wordpress\/index.php\/2019\/05\/29\/ciclo-de-palestras-marcou-segunda-noite-da-semana-academica-da-engenharia-eletrica\/","title":{"rendered":"Ciclo de palestras marcou segunda noite da Semana Acad\u00eamica da Engenharia El\u00e9trica"},"content":{"rendered":"<figure id=\"attachment_12941\" aria-describedby=\"caption-attachment-12941\" style=\"width: 300px\" class=\"wp-caption alignright\"><a href=\"https:\/\/saoluiz.uri.br\/wordpress\/wp-content\/uploads\/2019\/05\/15c786f1-d178-429a-9264-cedc3d40766f.jpg\"><img loading=\"lazy\" decoding=\"async\" class=\"wp-image-12941 size-medium\" src=\"https:\/\/saoluiz.uri.br\/wordpress\/wp-content\/uploads\/2019\/05\/15c786f1-d178-429a-9264-cedc3d40766f-300x225.jpg\" alt=\"\" width=\"300\" height=\"225\" srcset=\"https:\/\/saoluiz.uri.br\/wordpress\/wp-content\/uploads\/2019\/05\/15c786f1-d178-429a-9264-cedc3d40766f-300x225.jpg 300w, https:\/\/saoluiz.uri.br\/wordpress\/wp-content\/uploads\/2019\/05\/15c786f1-d178-429a-9264-cedc3d40766f-768x576.jpg 768w, https:\/\/saoluiz.uri.br\/wordpress\/wp-content\/uploads\/2019\/05\/15c786f1-d178-429a-9264-cedc3d40766f-1024x768.jpg 1024w, https:\/\/saoluiz.uri.br\/wordpress\/wp-content\/uploads\/2019\/05\/15c786f1-d178-429a-9264-cedc3d40766f.jpg 1280w\" sizes=\"auto, (max-width: 300px) 100vw, 300px\" \/><\/a><figcaption id=\"caption-attachment-12941\" class=\"wp-caption-text\">Registro da segunda noite da Semana Acad\u00eamica<\/figcaption><\/figure>\n<p>Na ter\u00e7a-feira (28), ocorreu a segunda noite de atividades da Semana Acad\u00eamica da Engenharia El\u00e9trica. \u00a0Em um primeiro momento, ocorreram palestras de Carlos Renato Silva, da Enel Cien, sobre o estudo de elos HDVC, e de Lenize Bantis, da HCC Engenharia, sobre perspectivas atuais e tend\u00eancias do setor fotovoltaico.<\/p>\n<p>Na sequ\u00eancia, a abordagem foi sobre seguran\u00e7a e sistemas de transmiss\u00e3o em alta tens\u00e3o em corrente cont\u00ednua. Falaram os palestrantes Marcos Costa (ABB Guarulhos\/SP), Eduardo Zuim (ABB \u2013 Guarulhos\/SP), Adauto Bertolucci (ABB &#8211; Guarulhos\/SP), Cayo Alves (ABB &#8211; Garruchos\/RS) e Daniel Zanchi (ABB &#8211; Garruchos\/RS).<\/p>\n<p>Nesta quarta-feira (29), a roda de conversas segue com profissionais da \u00e1rea e explana\u00e7\u00e3o do acad\u00eamico Vinicius Deonei Christ, o qual falar\u00e1 sobre\u00a0 &#8220;diferen\u00e7a de gera\u00e7\u00e3o causada pelo uso de otimiza\u00e7\u00e3o por enxame de part\u00edculas no despacho econ\u00f4mico e na otimiza\u00e7\u00e3o de fluxo de pot\u00eancia aplicado ao IEE 30 Bus Sistem&#8221;.<\/p>\n<h4><strong>Fonte: URI S\u00e3o Luiz<\/strong><\/h4>\n","protected":false},"excerpt":{"rendered":"<p>Na ter\u00e7a-feira (28), ocorreu a segunda noite de atividades da Semana Acad\u00eamica da Engenharia El\u00e9trica. \u00a0Em um primeiro momento, ocorreram palestras de Carlos Renato Silva, da Enel Cien, sobre o estudo de elos HDVC, e de Lenize Bantis, da HCC Engenharia, sobre perspectivas atuais e tend\u00eancias do setor fotovoltaico. Na sequ\u00eancia, a abordagem foi sobre [&hellip;]<\/p>\n","protected":false},"author":6,"featured_media":12941,"comment_status":"open","ping_status":"open","sticky":false,"template":"","format":"standard","meta":{"footnotes":""},"categories":[3,17,1],"tags":[],"class_list":["post-12939","post","type-post","status-publish","format-standard","has-post-thumbnail","hentry","category-destaques","category-engenharia-eletrica","category-noticias"],"_links":{"self":[{"href":"https:\/\/saoluiz.uri.br\/wordpress\/index.php\/wp-json\/wp\/v2\/posts\/12939","targetHints":{"allow":["GET"]}}],"collection":[{"href":"https:\/\/saoluiz.uri.br\/wordpress\/index.php\/wp-json\/wp\/v2\/posts"}],"about":[{"href":"https:\/\/saoluiz.uri.br\/wordpress\/index.php\/wp-json\/wp\/v2\/types\/post"}],"author":[{"embeddable":true,"href":"https:\/\/saoluiz.uri.br\/wordpress\/index.php\/wp-json\/wp\/v2\/users\/6"}],"replies":[{"embeddable":true,"href":"https:\/\/saoluiz.uri.br\/wordpress\/index.php\/wp-json\/wp\/v2\/comments?post=12939"}],"version-history":[{"count":0,"href":"https:\/\/saoluiz.uri.br\/wordpress\/index.php\/wp-json\/wp\/v2\/posts\/12939\/revisions"}],"wp:featuredmedia":[{"embeddable":true,"href":"https:\/\/saoluiz.uri.br\/wordpress\/index.php\/wp-json\/wp\/v2\/media\/12941"}],"wp:attachment":[{"href":"https:\/\/saoluiz.uri.br\/wordpress\/index.php\/wp-json\/wp\/v2\/media?parent=12939"}],"wp:term":[{"taxonomy":"category","embeddable":true,"href":"https:\/\/saoluiz.uri.br\/wordpress\/index.php\/wp-json\/wp\/v2\/categories?post=12939"},{"taxonomy":"post_tag","embeddable":true,"href":"https:\/\/saoluiz.uri.br\/wordpress\/index.php\/wp-json\/wp\/v2\/tags?post=12939"}],"curies":[{"name":"wp","href":"https:\/\/api.w.org\/{rel}","templated":true}]}}