{"id":12927,"date":"2019-05-29T13:37:07","date_gmt":"2019-05-29T16:37:07","guid":{"rendered":"https:\/\/saoluiz.uri.br\/wordpress\/?p=12927"},"modified":"2019-05-29T15:26:48","modified_gmt":"2019-05-29T18:26:48","slug":"segunda-noite-da-semana-academica-do-direito-teve-falas-relacionadas-ao-direito-e-novas-tecnologias","status":"publish","type":"post","link":"https:\/\/saoluiz.uri.br\/wordpress\/index.php\/2019\/05\/29\/segunda-noite-da-semana-academica-do-direito-teve-falas-relacionadas-ao-direito-e-novas-tecnologias\/","title":{"rendered":"Segunda noite da Semana Acad\u00eamica do Direito teve falas relacionadas ao direito e novas tecnologias"},"content":{"rendered":"<p>A segunda noite da 4\u00aa Semana Acad\u00eamica do Curso de Direito da URI &#8211; S\u00e3o Luiz Gonzaga,\u00a0 na ter\u00e7a-feira (28), contou com duas palestras relacionadas ao direito e as novas tecnologias. Os trabalhos foram conduzidos pelo professor Luciano de Almeida Lima.<\/p>\n<p>A primeira fala foi sobre &#8220;Aspectos gerais do direito da tecnologia&#8221;, proferida por Guilherme Dam\u00e1sio Goulart, o qual diferenciou a informa\u00e7\u00e3o do conhecimento. Dam\u00e1sio ainda apresentou as dez marcas mais valiosas do mundo, ressaltando que seis delas est\u00e3o relacionadas \u00e0 tecnologia. Ele ainda trouxe o questionamento &#8220;O que a tecnologia alterou nossas vidas nos \u00faltimos anos?&#8221;e comentou sobre o com\u00e9rcio eletr\u00f4nico e a publicidade, bem como sobre as redes sociais e de que forma elas refletem no direito.<\/p>\n<p>A segunda palestra, intitulada &#8220;Nova lei geral de prote\u00e7\u00e3o de dados pessoais&#8221; foi proferida por Cristiano Colombo. Em sua exposi\u00e7\u00e3o, Cristiano distinguiu a privacidade da prote\u00e7\u00e3o de dados pessoais. Logo ap\u00f3s, apresentou o caminho percorrido pelas fontes do direito, desde a Constitui\u00e7\u00e3o Federal at\u00e9 a Lei 13.709\/2018 &#8211; Lei Geral de Prote\u00e7\u00e3o de Dados Pessoais. Tratou dos princ\u00edpios constantes na lei, com destaque para a finalidade, a adequa\u00e7\u00e3o, a necessidade e a n\u00e3o discrimina\u00e7\u00e3o e, ao final, abordou alguns dispositivos da nova normativa, comentando-os.<\/p>\n<p>Nesta quarta-feira (29), terceira noite da Semana Acad\u00eamica, ocorre o J\u00fari Simulado. A atividade ser\u00e1 desempenhada por alunos matriculados nas disciplinas de Est\u00e1gio de Pr\u00e1tica Jur\u00eddica II e III.<\/p>\n<div id='gallery-1' class='gallery galleryid-12927 gallery-columns-2 gallery-size-medium'><figure class='gallery-item'>\n\t\t\t<div class='gallery-icon landscape'>\n\t\t\t\t<a href='https:\/\/saoluiz.uri.br\/wordpress\/wp-content\/uploads\/2019\/05\/20190528_193251.jpg'><img loading=\"lazy\" decoding=\"async\" width=\"300\" height=\"146\" src=\"https:\/\/saoluiz.uri.br\/wordpress\/wp-content\/uploads\/2019\/05\/20190528_193251-300x146.jpg\" class=\"attachment-medium size-medium\" alt=\"\" srcset=\"https:\/\/saoluiz.uri.br\/wordpress\/wp-content\/uploads\/2019\/05\/20190528_193251-300x146.jpg 300w, https:\/\/saoluiz.uri.br\/wordpress\/wp-content\/uploads\/2019\/05\/20190528_193251-768x373.jpg 768w, https:\/\/saoluiz.uri.br\/wordpress\/wp-content\/uploads\/2019\/05\/20190528_193251-1024x498.jpg 1024w\" sizes=\"auto, (max-width: 300px) 100vw, 300px\" \/><\/a>\n\t\t\t<\/div><\/figure><figure class='gallery-item'>\n\t\t\t<div class='gallery-icon landscape'>\n\t\t\t\t<a href='https:\/\/saoluiz.uri.br\/wordpress\/wp-content\/uploads\/2019\/05\/20190528_214344.jpg'><img loading=\"lazy\" decoding=\"async\" width=\"300\" height=\"146\" src=\"https:\/\/saoluiz.uri.br\/wordpress\/wp-content\/uploads\/2019\/05\/20190528_214344-300x146.jpg\" class=\"attachment-medium size-medium\" alt=\"\" srcset=\"https:\/\/saoluiz.uri.br\/wordpress\/wp-content\/uploads\/2019\/05\/20190528_214344-300x146.jpg 300w, https:\/\/saoluiz.uri.br\/wordpress\/wp-content\/uploads\/2019\/05\/20190528_214344-768x373.jpg 768w, https:\/\/saoluiz.uri.br\/wordpress\/wp-content\/uploads\/2019\/05\/20190528_214344-1024x498.jpg 1024w\" sizes=\"auto, (max-width: 300px) 100vw, 300px\" \/><\/a>\n\t\t\t<\/div><\/figure>\n\t\t<\/div>\n\n<h4 dir=\"auto\"><strong>Fonte: URI S\u00e3o Luiz<\/strong><\/h4>\n<div dir=\"auto\"><\/div>\n","protected":false},"excerpt":{"rendered":"<p>A segunda noite da 4\u00aa Semana Acad\u00eamica do Curso de Direito da URI &#8211; S\u00e3o Luiz Gonzaga,\u00a0 na ter\u00e7a-feira (28), contou com duas palestras relacionadas ao direito e as novas tecnologias. Os trabalhos foram conduzidos pelo professor Luciano de Almeida Lima. A primeira fala foi sobre &#8220;Aspectos gerais do direito da tecnologia&#8221;, proferida por Guilherme [&hellip;]<\/p>\n","protected":false},"author":6,"featured_media":12930,"comment_status":"open","ping_status":"open","sticky":false,"template":"","format":"standard","meta":{"footnotes":""},"categories":[3,15,1],"tags":[],"class_list":["post-12927","post","type-post","status-publish","format-standard","has-post-thumbnail","hentry","category-destaques","category-direito","category-noticias"],"_links":{"self":[{"href":"https:\/\/saoluiz.uri.br\/wordpress\/index.php\/wp-json\/wp\/v2\/posts\/12927","targetHints":{"allow":["GET"]}}],"collection":[{"href":"https:\/\/saoluiz.uri.br\/wordpress\/index.php\/wp-json\/wp\/v2\/posts"}],"about":[{"href":"https:\/\/saoluiz.uri.br\/wordpress\/index.php\/wp-json\/wp\/v2\/types\/post"}],"author":[{"embeddable":true,"href":"https:\/\/saoluiz.uri.br\/wordpress\/index.php\/wp-json\/wp\/v2\/users\/6"}],"replies":[{"embeddable":true,"href":"https:\/\/saoluiz.uri.br\/wordpress\/index.php\/wp-json\/wp\/v2\/comments?post=12927"}],"version-history":[{"count":0,"href":"https:\/\/saoluiz.uri.br\/wordpress\/index.php\/wp-json\/wp\/v2\/posts\/12927\/revisions"}],"wp:featuredmedia":[{"embeddable":true,"href":"https:\/\/saoluiz.uri.br\/wordpress\/index.php\/wp-json\/wp\/v2\/media\/12930"}],"wp:attachment":[{"href":"https:\/\/saoluiz.uri.br\/wordpress\/index.php\/wp-json\/wp\/v2\/media?parent=12927"}],"wp:term":[{"taxonomy":"category","embeddable":true,"href":"https:\/\/saoluiz.uri.br\/wordpress\/index.php\/wp-json\/wp\/v2\/categories?post=12927"},{"taxonomy":"post_tag","embeddable":true,"href":"https:\/\/saoluiz.uri.br\/wordpress\/index.php\/wp-json\/wp\/v2\/tags?post=12927"}],"curies":[{"name":"wp","href":"https:\/\/api.w.org\/{rel}","templated":true}]}}