{"id":12882,"date":"2019-05-28T20:56:38","date_gmt":"2019-05-28T23:56:38","guid":{"rendered":"https:\/\/saoluiz.uri.br\/wordpress\/?p=12882"},"modified":"2019-05-29T20:13:55","modified_gmt":"2019-05-29T23:13:55","slug":"ultimos-dias-para-se-inscrever-no-vestibular-de-inverno-da-uri-sao-luiz","status":"publish","type":"post","link":"https:\/\/saoluiz.uri.br\/wordpress\/index.php\/2019\/05\/28\/ultimos-dias-para-se-inscrever-no-vestibular-de-inverno-da-uri-sao-luiz\/","title":{"rendered":"\u00daltimos dias para se inscrever no Vestibular de Inverno da URI S\u00e3o Luiz"},"content":{"rendered":"<p><a href=\"https:\/\/saoluiz.uri.br\/wordpress\/wp-content\/uploads\/2019\/05\/59138262_2165369706843961_5275450072740397056_o.png\"><img loading=\"lazy\" decoding=\"async\" class=\"aligncenter wp-image-12883 size-large\" src=\"https:\/\/saoluiz.uri.br\/wordpress\/wp-content\/uploads\/2019\/05\/59138262_2165369706843961_5275450072740397056_o-1024x328.png\" alt=\"\" width=\"1024\" height=\"328\" srcset=\"https:\/\/saoluiz.uri.br\/wordpress\/wp-content\/uploads\/2019\/05\/59138262_2165369706843961_5275450072740397056_o-1024x328.png 1024w, https:\/\/saoluiz.uri.br\/wordpress\/wp-content\/uploads\/2019\/05\/59138262_2165369706843961_5275450072740397056_o-300x96.png 300w, https:\/\/saoluiz.uri.br\/wordpress\/wp-content\/uploads\/2019\/05\/59138262_2165369706843961_5275450072740397056_o-768x246.png 768w, https:\/\/saoluiz.uri.br\/wordpress\/wp-content\/uploads\/2019\/05\/59138262_2165369706843961_5275450072740397056_o.png 1097w\" sizes=\"auto, (max-width: 1024px) 100vw, 1024px\" \/><\/a><\/p>\n<p><em>Tem alguma d\u00favida? Ligue ou mande uma mensagem pra gente: 55 3352-8150 \/ 55 9 9979-5001 (WhatsApp). Voc\u00ea tamb\u00e9m pode comentar nas redes sociais: <a href=\"https:\/\/www.facebook.com\/urisaoluiz\/?tn-str=k*F\">@urisaoluiz<\/a><\/em><!--more--><\/p>\n<p>Encerra na pr\u00f3xima semana (5\/junho), o prazo para voc\u00ea se inscrever no Vestibular de Inverno da URI S\u00e3o Luiz. Nesta edi\u00e7\u00e3o, est\u00e3o sendo ofertadas vagas em tr\u00eas cursos da universidade: Administra\u00e7\u00e3o, Educa\u00e7\u00e3o F\u00edsica (bacharelado) e Ci\u00eancias Cont\u00e1beis.<\/p>\n<p>O valor da inscri\u00e7\u00e3o \u00e9 de apenas R$ 30,00 (trinta reais) e a prova est\u00e1 marcada para o dia 9, um domingo, das 14h \u00e0s 18h. Saiba um pouco mais sobre cada um dos cursos na sequ\u00eancia:<\/p>\n<p><strong>Administra\u00e7\u00e3o: <\/strong>o curso tem aulas no per\u00edodo noturno e dura 4,5 anos.Tem como objetivo geral formar administradores capazes de desenvolver a compet\u00eancia profissional, alicer\u00e7ada na base t\u00e9cnica, cient\u00edfica e humanista. O profissional pode atuar em qualquer \u00e1rea que envolva neg\u00f3cios e gest\u00f5es industriais, comerciais e de servi\u00e7os.<\/p>\n<p>Seu campo de atua\u00e7\u00e3o se d\u00e1 por meio da elabora\u00e7\u00e3o de pareceres, relat\u00f3rios, planos, projetos, arbitragens e laudos, em que se exija a aplica\u00e7\u00e3o de conhecimentos inerentes \u00e0s t\u00e9cnicas de organiza\u00e7\u00e3o, pesquisas, estudos, an\u00e1lises e interpreta\u00e7\u00e3o, bem como, desenvolver a capacidade empreendedora do indiv\u00edduo. Prev\u00ea, tamb\u00e9m, atuar como profissional liberal, tais como: consultorias, assessorias e auditorias.<\/p>\n<p><strong>Ci\u00eancias Cont\u00e1beis: <\/strong>o curso tem aulas no per\u00edodo noturno e dura 4,5 anos. Visa a forma\u00e7\u00e3o do profissional da \u00e1rea cont\u00e1bil para enfrentar o mundo dos neg\u00f3cios, com condi\u00e7\u00f5es de implementar e gerenciar controles e sistemas de informa\u00e7\u00f5es sobre o patrim\u00f4nio e suas varia\u00e7\u00f5es e atender as necessidades da iniciativa p\u00fablica e privada na \u00e1rea de interesse na Ci\u00eancia Cont\u00e1bil.<\/p>\n<p>Seu campo de atua\u00e7\u00e3o \u00e9 amplo. Entre as muitas possibilidades destacam-se: Contabilidade Financeira, Contabilidade de Custos, Contabilidade Gerencial, Auditoria, Analista de Balan\u00e7o, Perito Cont\u00e1bil, Consultor Cont\u00e1bil, Pesquisador Cont\u00e1bil, Cargos P\u00fablicos na \u00e1rea Federal como na Estadual e na Municipal, Cargos Administrativos. O contador \u00e9 um elemento gabaritado para tais cargos, pois, no exerc\u00edcio de sua profiss\u00e3o, entra em contato com todos os setores da empresa.<\/p>\n<p><strong>Educa\u00e7\u00e3o F\u00edsica (bacharelado): <\/strong>o curso ocorre majoritariamente no per\u00edodo noturno, mas tamb\u00e9m tem aulas aos s\u00e1bados pela manh\u00e3. Dura 4 anos.<\/p>\n<p>O bacharel em Educa\u00e7\u00e3o F\u00edsica organiza e supervisiona programas de exerc\u00edcios f\u00edsicos. Auxilia no tratamento de pessoas com defici\u00eancia e prepara atletas de diversas modalidades esportivas. Pode trabalhar com grupos, em escolas, clubes, academias e ONGs, ou prestar atendimento individual, como personal trainer.<\/p>\n<p>O profissional com Bacharelado em Educa\u00e7\u00e3o F\u00edsica pode atuar em academias de gin\u00e1stica, clubes esportivos, Secretarias Municipais de Sa\u00fade, cl\u00ednicas privadas, empresas, lar para idosos, bem como setores administrativos da sa\u00fade e com treinamento personalizado.<\/p>\n<p>N\u00e3o perca a oportunidade de se qualificar profissionalmente. Inscreva-se no vestibular at\u00e9 o dia 5 de junho e venha estudar em uma universidade que \u00e9 refer\u00eancia na Regi\u00e3o Sul. Venha para a URI S\u00e3o Luiz!<\/p>\n<p><strong>Ficou com alguma d\u00favida? Ligue ou mande uma mensagem pra gente: 55 3352-8150 \/ 55 9 9979-5001 (WhatsApp). Voc\u00ea tamb\u00e9m pode comentar nas redes sociais: <a href=\"https:\/\/www.facebook.com\/urisaoluiz\/?tn-str=k*F\">@urisaoluiz<\/a><\/strong><\/p>\n<h4><strong>Fonte: URI S\u00e3o Luiz<\/strong><\/h4>\n","protected":false},"excerpt":{"rendered":"<p>Tem alguma d\u00favida? Ligue ou mande uma mensagem pra gente: 55 3352-8150 \/ 55 9 9979-5001 (WhatsApp). Voc\u00ea tamb\u00e9m pode comentar nas redes sociais: @urisaoluiz<\/p>\n","protected":false},"author":6,"featured_media":12884,"comment_status":"open","ping_status":"open","sticky":false,"template":"","format":"standard","meta":{"footnotes":""},"categories":[3,4,1],"tags":[],"class_list":["post-12882","post","type-post","status-publish","format-standard","has-post-thumbnail","hentry","category-destaques","category-graduacao","category-noticias"],"_links":{"self":[{"href":"https:\/\/saoluiz.uri.br\/wordpress\/index.php\/wp-json\/wp\/v2\/posts\/12882","targetHints":{"allow":["GET"]}}],"collection":[{"href":"https:\/\/saoluiz.uri.br\/wordpress\/index.php\/wp-json\/wp\/v2\/posts"}],"about":[{"href":"https:\/\/saoluiz.uri.br\/wordpress\/index.php\/wp-json\/wp\/v2\/types\/post"}],"author":[{"embeddable":true,"href":"https:\/\/saoluiz.uri.br\/wordpress\/index.php\/wp-json\/wp\/v2\/users\/6"}],"replies":[{"embeddable":true,"href":"https:\/\/saoluiz.uri.br\/wordpress\/index.php\/wp-json\/wp\/v2\/comments?post=12882"}],"version-history":[{"count":0,"href":"https:\/\/saoluiz.uri.br\/wordpress\/index.php\/wp-json\/wp\/v2\/posts\/12882\/revisions"}],"wp:featuredmedia":[{"embeddable":true,"href":"https:\/\/saoluiz.uri.br\/wordpress\/index.php\/wp-json\/wp\/v2\/media\/12884"}],"wp:attachment":[{"href":"https:\/\/saoluiz.uri.br\/wordpress\/index.php\/wp-json\/wp\/v2\/media?parent=12882"}],"wp:term":[{"taxonomy":"category","embeddable":true,"href":"https:\/\/saoluiz.uri.br\/wordpress\/index.php\/wp-json\/wp\/v2\/categories?post=12882"},{"taxonomy":"post_tag","embeddable":true,"href":"https:\/\/saoluiz.uri.br\/wordpress\/index.php\/wp-json\/wp\/v2\/tags?post=12882"}],"curies":[{"name":"wp","href":"https:\/\/api.w.org\/{rel}","templated":true}]}}