{"id":12865,"date":"2019-05-28T02:06:02","date_gmt":"2019-05-28T05:06:02","guid":{"rendered":"https:\/\/saoluiz.uri.br\/wordpress\/?p=12865"},"modified":"2019-05-28T02:35:20","modified_gmt":"2019-05-28T05:35:20","slug":"aberto-periodo-de-avaliacao-institucional","status":"publish","type":"post","link":"https:\/\/saoluiz.uri.br\/wordpress\/index.php\/2019\/05\/28\/aberto-periodo-de-avaliacao-institucional\/","title":{"rendered":"Aberto per\u00edodo de Avalia\u00e7\u00e3o Institucional"},"content":{"rendered":"<p>(27\/05\/2019)<\/p>\n<p><a href=\"https:\/\/saoluiz.uri.br\/wordpress\/wp-content\/uploads\/2019\/05\/6c0c050a-8d0d-46c7-8a49-7bb98a101b95.jpg\"><img loading=\"lazy\" decoding=\"async\" class=\"wp-image-12866 size-medium alignright\" src=\"https:\/\/saoluiz.uri.br\/wordpress\/wp-content\/uploads\/2019\/05\/6c0c050a-8d0d-46c7-8a49-7bb98a101b95-300x300.jpg\" alt=\"\" width=\"300\" height=\"300\" srcset=\"https:\/\/saoluiz.uri.br\/wordpress\/wp-content\/uploads\/2019\/05\/6c0c050a-8d0d-46c7-8a49-7bb98a101b95-300x300.jpg 300w, https:\/\/saoluiz.uri.br\/wordpress\/wp-content\/uploads\/2019\/05\/6c0c050a-8d0d-46c7-8a49-7bb98a101b95-150x150.jpg 150w, https:\/\/saoluiz.uri.br\/wordpress\/wp-content\/uploads\/2019\/05\/6c0c050a-8d0d-46c7-8a49-7bb98a101b95-768x768.jpg 768w, https:\/\/saoluiz.uri.br\/wordpress\/wp-content\/uploads\/2019\/05\/6c0c050a-8d0d-46c7-8a49-7bb98a101b95.jpg 800w\" sizes=\"auto, (max-width: 300px) 100vw, 300px\" \/><\/a>Abriu nesta segunda-feira (27), o per\u00edodo de Avalia\u00e7\u00e3o Institucional. O prazo se estende at\u00e9 o dia 17 de junho e o processo deve ser feito via Portal do Aluno.<\/p>\n<p><strong>Passo a passo: <\/strong><\/p>\n<p>Acesse o Portal do Aluno, clique em URL Externo e v\u00e1 at\u00e9 Avalia\u00e7\u00e3o Institucional. *Importante: fique atento ao protocolo gerado. Ele ser\u00e1 o comprovante de que a avalia\u00e7\u00e3o foi conclu\u00edda.<\/p>\n<p><strong>Quem precisa fazer?<\/strong><\/p>\n<p>Alunos &#8211; avaliar disciplinas cursadas no semestre e o curso<\/p>\n<p>Professores &#8211; avaliar as disciplinas ministradas e o curso<\/p>\n<p>Coordenadores &#8211; avaliar o curso<\/p>\n<p><strong>Import\u00e2ncia<\/strong><\/p>\n<p>A avalia\u00e7\u00e3o \u00e9 importante, pois se trata de uma ferramenta de gest\u00e3o. Por ela, a Dire\u00e7\u00e3o-Geral consegue mapear os aspectos positivos e os que t\u00eam oportunidades de melhorias. O processo \u00e9 absolutamente sigiloso.<\/p>\n<p>A Coordenadora da Comiss\u00e3o Pr\u00f3pria de Avalia\u00e7\u00e3o (CPA) do C\u00e2mpus de S\u00e3o Luiz Gonzaga \u00e9 Cinara Dal Santo Pes.<\/p>\n<h4><strong>Fonte: URI S\u00e3o Luiz<\/strong><\/h4>\n<p>&nbsp;<\/p>\n<p>&nbsp;<\/p>\n","protected":false},"excerpt":{"rendered":"<p>(27\/05\/2019) Abriu nesta segunda-feira (27), o per\u00edodo de Avalia\u00e7\u00e3o Institucional. O prazo se estende at\u00e9 o dia 17 de junho e o processo deve ser feito via Portal do Aluno. Passo a passo: Acesse o Portal do Aluno, clique em URL Externo e v\u00e1 at\u00e9 Avalia\u00e7\u00e3o Institucional. *Importante: fique atento ao protocolo gerado. Ele ser\u00e1 [&hellip;]<\/p>\n","protected":false},"author":6,"featured_media":12866,"comment_status":"open","ping_status":"open","sticky":false,"template":"","format":"standard","meta":{"footnotes":""},"categories":[3,1],"tags":[],"class_list":["post-12865","post","type-post","status-publish","format-standard","has-post-thumbnail","hentry","category-destaques","category-noticias"],"_links":{"self":[{"href":"https:\/\/saoluiz.uri.br\/wordpress\/index.php\/wp-json\/wp\/v2\/posts\/12865","targetHints":{"allow":["GET"]}}],"collection":[{"href":"https:\/\/saoluiz.uri.br\/wordpress\/index.php\/wp-json\/wp\/v2\/posts"}],"about":[{"href":"https:\/\/saoluiz.uri.br\/wordpress\/index.php\/wp-json\/wp\/v2\/types\/post"}],"author":[{"embeddable":true,"href":"https:\/\/saoluiz.uri.br\/wordpress\/index.php\/wp-json\/wp\/v2\/users\/6"}],"replies":[{"embeddable":true,"href":"https:\/\/saoluiz.uri.br\/wordpress\/index.php\/wp-json\/wp\/v2\/comments?post=12865"}],"version-history":[{"count":0,"href":"https:\/\/saoluiz.uri.br\/wordpress\/index.php\/wp-json\/wp\/v2\/posts\/12865\/revisions"}],"wp:featuredmedia":[{"embeddable":true,"href":"https:\/\/saoluiz.uri.br\/wordpress\/index.php\/wp-json\/wp\/v2\/media\/12866"}],"wp:attachment":[{"href":"https:\/\/saoluiz.uri.br\/wordpress\/index.php\/wp-json\/wp\/v2\/media?parent=12865"}],"wp:term":[{"taxonomy":"category","embeddable":true,"href":"https:\/\/saoluiz.uri.br\/wordpress\/index.php\/wp-json\/wp\/v2\/categories?post=12865"},{"taxonomy":"post_tag","embeddable":true,"href":"https:\/\/saoluiz.uri.br\/wordpress\/index.php\/wp-json\/wp\/v2\/tags?post=12865"}],"curies":[{"name":"wp","href":"https:\/\/api.w.org\/{rel}","templated":true}]}}