{"id":12861,"date":"2019-05-28T01:09:48","date_gmt":"2019-05-28T04:09:48","guid":{"rendered":"https:\/\/saoluiz.uri.br\/wordpress\/?p=12861"},"modified":"2019-05-28T01:11:11","modified_gmt":"2019-05-28T04:11:11","slug":"inovacao-e-empreendedorismo-pautaram-abertura-da-semana-academica-da-engenharia-eletrica","status":"publish","type":"post","link":"https:\/\/saoluiz.uri.br\/wordpress\/index.php\/2019\/05\/28\/inovacao-e-empreendedorismo-pautaram-abertura-da-semana-academica-da-engenharia-eletrica\/","title":{"rendered":"Inova\u00e7\u00e3o e empreendedorismo pautaram abertura da Semana Acad\u00eamica da Engenharia El\u00e9trica"},"content":{"rendered":"<p>(27\/05\/2019)<\/p>\n<figure id=\"attachment_12862\" aria-describedby=\"caption-attachment-12862\" style=\"width: 300px\" class=\"wp-caption alignright\"><a href=\"https:\/\/saoluiz.uri.br\/wordpress\/wp-content\/uploads\/2019\/05\/WhatsApp-Image-2019-05-28-at-01.06.35.jpeg\"><img loading=\"lazy\" decoding=\"async\" class=\"wp-image-12862 size-medium\" src=\"https:\/\/saoluiz.uri.br\/wordpress\/wp-content\/uploads\/2019\/05\/WhatsApp-Image-2019-05-28-at-01.06.35-300x225.jpeg\" alt=\"\" width=\"300\" height=\"225\" srcset=\"https:\/\/saoluiz.uri.br\/wordpress\/wp-content\/uploads\/2019\/05\/WhatsApp-Image-2019-05-28-at-01.06.35-300x225.jpeg 300w, https:\/\/saoluiz.uri.br\/wordpress\/wp-content\/uploads\/2019\/05\/WhatsApp-Image-2019-05-28-at-01.06.35-768x576.jpeg 768w, https:\/\/saoluiz.uri.br\/wordpress\/wp-content\/uploads\/2019\/05\/WhatsApp-Image-2019-05-28-at-01.06.35-1024x768.jpeg 1024w, https:\/\/saoluiz.uri.br\/wordpress\/wp-content\/uploads\/2019\/05\/WhatsApp-Image-2019-05-28-at-01.06.35.jpeg 1280w\" sizes=\"auto, (max-width: 300px) 100vw, 300px\" \/><\/a><figcaption id=\"caption-attachment-12862\" class=\"wp-caption-text\">Grasiano Tolfo compartilhou suas experi\u00eancias profissionais com os acad\u00eamicos<\/figcaption><\/figure>\n<p>Iniciou na segunda-feira (27\/05), a VIII Semana Acad\u00eamica do Curso de Engenharia El\u00e9trica. Na primeira noite, os acad\u00eamicos receberam o empreendedor Grasiano Tolfo, cuja experi\u00eancia profissional serviu de base para sua fala sobre \u201cInova\u00e7\u00e3o e Empreendedorismo: o caminho para o sucesso\u201d.<\/p>\n<p>Grasiano, propriet\u00e1rio da Primu\u2019s, em Santo \u00c2ngelo, trouxe exemplos de sua viv\u00eancia e elencou os comportamentos necess\u00e1rios para ter sucesso como empreendedor. Al\u00e9m disso, focalizou as tend\u00eancias de neg\u00f3cios, especialmente sobre a tecnologia e as coisas que v\u00e3o influenciar a forma como a gente consome e at\u00e9 mesmo se relaciona.<\/p>\n<p>Tolfo foi o primeiro convidado de uma s\u00e9rie de palestrantes previstos para esta semana. Nesta ter\u00e7a-feira, por exemplo, o Curso recebe a visita de palestrantes t\u00e9cnicos e de representantes de empresas que s\u00e3o refer\u00eancia nacional no segmento da energia como a Enel Cien e a ABB.<\/p>\n<h4><strong>Fonte: URI S\u00e3o Luiz<\/strong><\/h4>\n","protected":false},"excerpt":{"rendered":"<p>(27\/05\/2019) Iniciou na segunda-feira (27\/05), a VIII Semana Acad\u00eamica do Curso de Engenharia El\u00e9trica. Na primeira noite, os acad\u00eamicos receberam o empreendedor Grasiano Tolfo, cuja experi\u00eancia profissional serviu de base para sua fala sobre \u201cInova\u00e7\u00e3o e Empreendedorismo: o caminho para o sucesso\u201d. Grasiano, propriet\u00e1rio da Primu\u2019s, em Santo \u00c2ngelo, trouxe exemplos de sua viv\u00eancia e [&hellip;]<\/p>\n","protected":false},"author":6,"featured_media":12864,"comment_status":"open","ping_status":"open","sticky":false,"template":"","format":"standard","meta":{"footnotes":""},"categories":[3,17,1],"tags":[],"class_list":["post-12861","post","type-post","status-publish","format-standard","has-post-thumbnail","hentry","category-destaques","category-engenharia-eletrica","category-noticias"],"_links":{"self":[{"href":"https:\/\/saoluiz.uri.br\/wordpress\/index.php\/wp-json\/wp\/v2\/posts\/12861","targetHints":{"allow":["GET"]}}],"collection":[{"href":"https:\/\/saoluiz.uri.br\/wordpress\/index.php\/wp-json\/wp\/v2\/posts"}],"about":[{"href":"https:\/\/saoluiz.uri.br\/wordpress\/index.php\/wp-json\/wp\/v2\/types\/post"}],"author":[{"embeddable":true,"href":"https:\/\/saoluiz.uri.br\/wordpress\/index.php\/wp-json\/wp\/v2\/users\/6"}],"replies":[{"embeddable":true,"href":"https:\/\/saoluiz.uri.br\/wordpress\/index.php\/wp-json\/wp\/v2\/comments?post=12861"}],"version-history":[{"count":0,"href":"https:\/\/saoluiz.uri.br\/wordpress\/index.php\/wp-json\/wp\/v2\/posts\/12861\/revisions"}],"wp:featuredmedia":[{"embeddable":true,"href":"https:\/\/saoluiz.uri.br\/wordpress\/index.php\/wp-json\/wp\/v2\/media\/12864"}],"wp:attachment":[{"href":"https:\/\/saoluiz.uri.br\/wordpress\/index.php\/wp-json\/wp\/v2\/media?parent=12861"}],"wp:term":[{"taxonomy":"category","embeddable":true,"href":"https:\/\/saoluiz.uri.br\/wordpress\/index.php\/wp-json\/wp\/v2\/categories?post=12861"},{"taxonomy":"post_tag","embeddable":true,"href":"https:\/\/saoluiz.uri.br\/wordpress\/index.php\/wp-json\/wp\/v2\/tags?post=12861"}],"curies":[{"name":"wp","href":"https:\/\/api.w.org\/{rel}","templated":true}]}}