{"id":12856,"date":"2019-05-28T00:39:36","date_gmt":"2019-05-28T03:39:36","guid":{"rendered":"https:\/\/saoluiz.uri.br\/wordpress\/?p=12856"},"modified":"2019-05-28T09:07:53","modified_gmt":"2019-05-28T12:07:53","slug":"perita-carla-mena-palestrou-na-abertura-da-4a-semana-academica-do-curso-de-direito","status":"publish","type":"post","link":"https:\/\/saoluiz.uri.br\/wordpress\/index.php\/2019\/05\/28\/perita-carla-mena-palestrou-na-abertura-da-4a-semana-academica-do-curso-de-direito\/","title":{"rendered":"Perita Carla Mena palestrou na abertura da 4\u00aa Semana Acad\u00eamica do Curso de Direito"},"content":{"rendered":"<p>(27\/05\/2019)<\/p>\n<figure id=\"attachment_12857\" aria-describedby=\"caption-attachment-12857\" style=\"width: 300px\" class=\"wp-caption alignright\"><a href=\"https:\/\/saoluiz.uri.br\/wordpress\/wp-content\/uploads\/2019\/05\/4dac4c05-eade-4e87-8c0d-d97bb5c83c7a.jpg\"><img loading=\"lazy\" decoding=\"async\" class=\"wp-image-12857 size-medium\" src=\"https:\/\/saoluiz.uri.br\/wordpress\/wp-content\/uploads\/2019\/05\/4dac4c05-eade-4e87-8c0d-d97bb5c83c7a-300x225.jpg\" alt=\"\" width=\"300\" height=\"225\" srcset=\"https:\/\/saoluiz.uri.br\/wordpress\/wp-content\/uploads\/2019\/05\/4dac4c05-eade-4e87-8c0d-d97bb5c83c7a-300x225.jpg 300w, https:\/\/saoluiz.uri.br\/wordpress\/wp-content\/uploads\/2019\/05\/4dac4c05-eade-4e87-8c0d-d97bb5c83c7a-768x576.jpg 768w, https:\/\/saoluiz.uri.br\/wordpress\/wp-content\/uploads\/2019\/05\/4dac4c05-eade-4e87-8c0d-d97bb5c83c7a-1024x768.jpg 1024w, https:\/\/saoluiz.uri.br\/wordpress\/wp-content\/uploads\/2019\/05\/4dac4c05-eade-4e87-8c0d-d97bb5c83c7a.jpg 1280w\" sizes=\"auto, (max-width: 300px) 100vw, 300px\" \/><\/a><figcaption id=\"caption-attachment-12857\" class=\"wp-caption-text\">Carla Mena \u00e9 Graduada em Ci\u00eancias Jur\u00eddicas e Sociais pela PUC\/RS e Mestranda em Per\u00edcia Documental na Universidade de Barcelona\/Espanha<\/figcaption><\/figure>\n<p>Iniciou na segunda-feira (27\/05), a 4\u00aa Semana Acad\u00eamica do Curso de Direito da URI S\u00e3o Luiz Gonzaga. O evento ocorreu no Sal\u00e3o de Atos da Universidade e teve como primeira palestrante a Perita Judicial e Criminal Carla Mena.<\/p>\n<p>Com experi\u00eancia de nove anos como Perita Criminal Oficial do IGP\/RS, Carla falou com base no tema \u201cA justi\u00e7a atrav\u00e9s das ci\u00eancias forenses\u201d. Segundo ela, este \u00e9 um tema cada vez mais constante devido ao \u201cefeito CSI\u201d (refer\u00eancia a s\u00e9rie de TV que utiliza os m\u00e9todos em demasia).<\/p>\n<p>Para ela, foi uma conversa muito produtiva, pois a oportunidade de trazer conhecimentos diversificados &#8211; especialmente o caso da per\u00edcia &#8211; aos futuros profissionais do Direito, faz com que eles compreendam o que realmente poder\u00e3o utilizar enquanto advogados.<\/p>\n<p>Carla Mena ainda elogiou a participa\u00e7\u00e3o do p\u00fablico acad\u00eamico o qual foi bastante interativo.<\/p>\n<p><strong>Programa\u00e7\u00e3o segue nesta ter\u00e7a-feira (28)<\/strong><\/p>\n<p>Na sequ\u00eancia desta semana, ser\u00e3o realizadas duas palestras: a primeira ser\u00e1 sobre aspectos gerais do direito da tecnologia, com Guilherme Dam\u00e1sio Goulart; e a segunda ser\u00e1 sobre a nova lei brasileira de prote\u00e7\u00e3o de dados pessoais, com Cristiano Colombo. A primeira fala inicia \u00e0s 19h15min.<\/p>\n<h4><strong>Fonte: URI S\u00e3o Luiz<\/strong><\/h4>\n","protected":false},"excerpt":{"rendered":"<p>(27\/05\/2019) Iniciou na segunda-feira (27\/05), a 4\u00aa Semana Acad\u00eamica do Curso de Direito da URI S\u00e3o Luiz Gonzaga. O evento ocorreu no Sal\u00e3o de Atos da Universidade e teve como primeira palestrante a Perita Judicial e Criminal Carla Mena. Com experi\u00eancia de nove anos como Perita Criminal Oficial do IGP\/RS, Carla falou com base no [&hellip;]<\/p>\n","protected":false},"author":6,"featured_media":12857,"comment_status":"open","ping_status":"open","sticky":false,"template":"","format":"standard","meta":{"footnotes":""},"categories":[3,15,1],"tags":[],"class_list":["post-12856","post","type-post","status-publish","format-standard","has-post-thumbnail","hentry","category-destaques","category-direito","category-noticias"],"_links":{"self":[{"href":"https:\/\/saoluiz.uri.br\/wordpress\/index.php\/wp-json\/wp\/v2\/posts\/12856","targetHints":{"allow":["GET"]}}],"collection":[{"href":"https:\/\/saoluiz.uri.br\/wordpress\/index.php\/wp-json\/wp\/v2\/posts"}],"about":[{"href":"https:\/\/saoluiz.uri.br\/wordpress\/index.php\/wp-json\/wp\/v2\/types\/post"}],"author":[{"embeddable":true,"href":"https:\/\/saoluiz.uri.br\/wordpress\/index.php\/wp-json\/wp\/v2\/users\/6"}],"replies":[{"embeddable":true,"href":"https:\/\/saoluiz.uri.br\/wordpress\/index.php\/wp-json\/wp\/v2\/comments?post=12856"}],"version-history":[{"count":0,"href":"https:\/\/saoluiz.uri.br\/wordpress\/index.php\/wp-json\/wp\/v2\/posts\/12856\/revisions"}],"wp:featuredmedia":[{"embeddable":true,"href":"https:\/\/saoluiz.uri.br\/wordpress\/index.php\/wp-json\/wp\/v2\/media\/12857"}],"wp:attachment":[{"href":"https:\/\/saoluiz.uri.br\/wordpress\/index.php\/wp-json\/wp\/v2\/media?parent=12856"}],"wp:term":[{"taxonomy":"category","embeddable":true,"href":"https:\/\/saoluiz.uri.br\/wordpress\/index.php\/wp-json\/wp\/v2\/categories?post=12856"},{"taxonomy":"post_tag","embeddable":true,"href":"https:\/\/saoluiz.uri.br\/wordpress\/index.php\/wp-json\/wp\/v2\/tags?post=12856"}],"curies":[{"name":"wp","href":"https:\/\/api.w.org\/{rel}","templated":true}]}}