{"id":12813,"date":"2019-05-22T21:59:24","date_gmt":"2019-05-23T00:59:24","guid":{"rendered":"https:\/\/saoluiz.uri.br\/wordpress\/?p=12813"},"modified":"2019-05-22T22:02:42","modified_gmt":"2019-05-23T01:02:42","slug":"academicos-de-educacao-fisica-participam-de-projeto-voltado-para-estudantes-da-rede-municipal","status":"publish","type":"post","link":"https:\/\/saoluiz.uri.br\/wordpress\/index.php\/2019\/05\/22\/academicos-de-educacao-fisica-participam-de-projeto-voltado-para-estudantes-da-rede-municipal\/","title":{"rendered":"Acad\u00eamicos de Educa\u00e7\u00e3o F\u00edsica participam de projeto voltado para alunos da rede municipal"},"content":{"rendered":"<p><em>(Fotos: URI-SLG)<\/em><\/p>\n<p>(22\/05\/2019)<\/p>\n<figure id=\"attachment_12814\" aria-describedby=\"caption-attachment-12814\" style=\"width: 300px\" class=\"wp-caption alignright\"><a href=\"https:\/\/saoluiz.uri.br\/wordpress\/wp-content\/uploads\/2019\/05\/ef41ce1d-da6d-44b6-a3fd-8a9aff13a519.jpg\"><img loading=\"lazy\" decoding=\"async\" class=\"wp-image-12814 size-medium\" src=\"https:\/\/saoluiz.uri.br\/wordpress\/wp-content\/uploads\/2019\/05\/ef41ce1d-da6d-44b6-a3fd-8a9aff13a519-300x225.jpg\" alt=\"\" width=\"300\" height=\"225\" srcset=\"https:\/\/saoluiz.uri.br\/wordpress\/wp-content\/uploads\/2019\/05\/ef41ce1d-da6d-44b6-a3fd-8a9aff13a519-300x225.jpg 300w, https:\/\/saoluiz.uri.br\/wordpress\/wp-content\/uploads\/2019\/05\/ef41ce1d-da6d-44b6-a3fd-8a9aff13a519-768x576.jpg 768w, https:\/\/saoluiz.uri.br\/wordpress\/wp-content\/uploads\/2019\/05\/ef41ce1d-da6d-44b6-a3fd-8a9aff13a519-1024x768.jpg 1024w, https:\/\/saoluiz.uri.br\/wordpress\/wp-content\/uploads\/2019\/05\/ef41ce1d-da6d-44b6-a3fd-8a9aff13a519.jpg 1280w\" sizes=\"auto, (max-width: 300px) 100vw, 300px\" \/><\/a><figcaption id=\"caption-attachment-12814\" class=\"wp-caption-text\">(Foto: URI-SLG)<\/figcaption><\/figure>\n<p>A Escola Municipal de Ensino Fundamental Cora\u00e7\u00e3o de Jesus promoveu no s\u00e1bado (18), no gin\u00e1sio da URI S\u00e3o Luiz, o Projeto Cora\u00e7\u00e3o Aventureiro. A a\u00e7\u00e3o \u00e9 idealizada e coordenada pela professora de Educa\u00e7\u00e3o F\u00edsica do educand\u00e1rio Daiani Rodrigues Alves.<\/p>\n<p>Voltado ao est\u00edmulo de pr\u00e1ticas esportivas que promovam intera\u00e7\u00e3o com o meio ambiente e que prezem pela seguran\u00e7a nas atividades de lazer, o projeto promove a educa\u00e7\u00e3o com sa\u00fade. Al\u00e9m disso, estimula os jovens a refletir sobre o resultado de suas a\u00e7\u00f5es, melhorando a autoestima e a autoconfian\u00e7a.<\/p>\n<p>O evento contou com apoio da professora de Educa\u00e7\u00e3o F\u00edsica da URI-SLG, Judite Rodrigues, e dos acad\u00eamicos do 1\u00ba, 3\u00ba e 5\u00ba semestre do curso.<\/p>\n<h4><strong>Fonte: URI S\u00e3o Luiz<\/strong><\/h4>\n","protected":false},"excerpt":{"rendered":"<p>(Fotos: URI-SLG) (22\/05\/2019) A Escola Municipal de Ensino Fundamental Cora\u00e7\u00e3o de Jesus promoveu no s\u00e1bado (18), no gin\u00e1sio da URI S\u00e3o Luiz, o Projeto Cora\u00e7\u00e3o Aventureiro. A a\u00e7\u00e3o \u00e9 idealizada e coordenada pela professora de Educa\u00e7\u00e3o F\u00edsica do educand\u00e1rio Daiani Rodrigues Alves. Voltado ao est\u00edmulo de pr\u00e1ticas esportivas que promovam intera\u00e7\u00e3o com o meio ambiente [&hellip;]<\/p>\n","protected":false},"author":6,"featured_media":12814,"comment_status":"open","ping_status":"open","sticky":false,"template":"","format":"standard","meta":{"footnotes":""},"categories":[3,16,1],"tags":[],"class_list":["post-12813","post","type-post","status-publish","format-standard","has-post-thumbnail","hentry","category-destaques","category-educacao-fisica","category-noticias"],"_links":{"self":[{"href":"https:\/\/saoluiz.uri.br\/wordpress\/index.php\/wp-json\/wp\/v2\/posts\/12813","targetHints":{"allow":["GET"]}}],"collection":[{"href":"https:\/\/saoluiz.uri.br\/wordpress\/index.php\/wp-json\/wp\/v2\/posts"}],"about":[{"href":"https:\/\/saoluiz.uri.br\/wordpress\/index.php\/wp-json\/wp\/v2\/types\/post"}],"author":[{"embeddable":true,"href":"https:\/\/saoluiz.uri.br\/wordpress\/index.php\/wp-json\/wp\/v2\/users\/6"}],"replies":[{"embeddable":true,"href":"https:\/\/saoluiz.uri.br\/wordpress\/index.php\/wp-json\/wp\/v2\/comments?post=12813"}],"version-history":[{"count":0,"href":"https:\/\/saoluiz.uri.br\/wordpress\/index.php\/wp-json\/wp\/v2\/posts\/12813\/revisions"}],"wp:featuredmedia":[{"embeddable":true,"href":"https:\/\/saoluiz.uri.br\/wordpress\/index.php\/wp-json\/wp\/v2\/media\/12814"}],"wp:attachment":[{"href":"https:\/\/saoluiz.uri.br\/wordpress\/index.php\/wp-json\/wp\/v2\/media?parent=12813"}],"wp:term":[{"taxonomy":"category","embeddable":true,"href":"https:\/\/saoluiz.uri.br\/wordpress\/index.php\/wp-json\/wp\/v2\/categories?post=12813"},{"taxonomy":"post_tag","embeddable":true,"href":"https:\/\/saoluiz.uri.br\/wordpress\/index.php\/wp-json\/wp\/v2\/tags?post=12813"}],"curies":[{"name":"wp","href":"https:\/\/api.w.org\/{rel}","templated":true}]}}