{"id":12736,"date":"2019-05-22T08:51:12","date_gmt":"2019-05-22T11:51:12","guid":{"rendered":"https:\/\/saoluiz.uri.br\/wordpress\/?p=12736"},"modified":"2019-05-22T21:27:50","modified_gmt":"2019-05-23T00:27:50","slug":"sao-luiz-gonzaga-tera-curso-de-pos-graduacao-stricto-sensu-pela-primeira-vez","status":"publish","type":"post","link":"https:\/\/saoluiz.uri.br\/wordpress\/index.php\/2019\/05\/22\/sao-luiz-gonzaga-tera-curso-de-pos-graduacao-stricto-sensu-pela-primeira-vez\/","title":{"rendered":"S\u00e3o Luiz Gonzaga ter\u00e1 Curso de P\u00f3s-Gradua\u00e7\u00e3o Stricto Sensu pela primeira vez"},"content":{"rendered":"<figure id=\"attachment_12737\" aria-describedby=\"caption-attachment-12737\" style=\"width: 300px\" class=\"wp-caption alignright\"><a href=\"https:\/\/saoluiz.uri.br\/wordpress\/wp-content\/uploads\/2019\/05\/Foto.jpg\"><img loading=\"lazy\" decoding=\"async\" class=\"wp-image-12737 size-medium\" src=\"https:\/\/saoluiz.uri.br\/wordpress\/wp-content\/uploads\/2019\/05\/Foto-300x186.jpg\" alt=\"\" width=\"300\" height=\"186\" srcset=\"https:\/\/saoluiz.uri.br\/wordpress\/wp-content\/uploads\/2019\/05\/Foto-300x186.jpg 300w, https:\/\/saoluiz.uri.br\/wordpress\/wp-content\/uploads\/2019\/05\/Foto-768x476.jpg 768w, https:\/\/saoluiz.uri.br\/wordpress\/wp-content\/uploads\/2019\/05\/Foto-1024x634.jpg 1024w, https:\/\/saoluiz.uri.br\/wordpress\/wp-content\/uploads\/2019\/05\/Foto.jpg 1188w\" sizes=\"auto, (max-width: 300px) 100vw, 300px\" \/><\/a><figcaption id=\"caption-attachment-12737\" class=\"wp-caption-text\">(Foto:\u00a0Vice-coordenadora do Programa de P\u00f3s-Gradua\u00e7\u00e3o em Educa\u00e7\u00e3o da URI \u2013 Frederico Westphalen, Professora Luana Teixeira Porto, trouxe detalhes sobre o curso)<\/figcaption><\/figure>\n<p>(22\/05\/2019)<\/p>\n<p>Na segunda-feira (20\/05), a URI &#8211; S\u00e3o Luiz recebeu visita da vice-coordenadora do Programa de P\u00f3s-Gradua\u00e7\u00e3o em Educa\u00e7\u00e3o da URI \u2013 Frederico Westphalen, Professora Luana Teixeira Porto. O ato reuniu a Dire\u00e7\u00e3o-Geral, Dire\u00e7\u00e3o Acad\u00eamica, Coordenadores dos Cursos de Gradua\u00e7\u00e3o e egressos, para o an\u00fancio de que pela primeira vez em 27 anos a unidade s\u00e3o-luizense poder\u00e1 ofertar Curso de Mestrado em Educa\u00e7\u00e3o.<\/p>\n<p>Para a vice-coordenadora, este processo de interioriza\u00e7\u00e3o da pesquisa \u00e9 um facilitador, pois possibilita que o aluno tenha forma\u00e7\u00e3o qualificada e diferenciada em um curso que est\u00e1 inserido na comunidade. \u201cCertamente um curso que se faz dentro da URI, no espa\u00e7o da comunidade, \u00e9 um investimento financeiro menor do que se o candidato tivesse que se deslocar para os grandes centros\u201d, explica Luana.<\/p>\n<p>A aprova\u00e7\u00e3o da Coordena\u00e7\u00e3o de Aperfei\u00e7oamento de Pessoal de N\u00edvel Superior (CAPES), revela que a institui\u00e7\u00e3o, localizada no interior do estado, concorre de igual para igual com as universidades que est\u00e3o na regi\u00e3o metropolitana, as quais contemplam o maior n\u00famero de programas de mestrado e doutorado. \u201cNo momento que nosso curso conquista uma das vagas, por m\u00e9rito, atrav\u00e9s de uma aprova\u00e7\u00e3o sem ressalvas, n\u00f3s estamos tendo o reconhecimento p\u00fablico e not\u00f3rio do governo federal de que a pesquisa e a forma\u00e7\u00e3o proposta pela URI \u00e9 uma forma\u00e7\u00e3o de excel\u00eancia\u201d, destaca a vice-coordenadora.<\/p>\n<p><strong>P\u00fablico-alvo<\/strong><\/p>\n<p>O Curso de Mestrado em Educa\u00e7\u00e3o \u00e9 voltado para todos os que est\u00e3o inseridos ou que se interessam na educa\u00e7\u00e3o, como profissionais das escolas p\u00fablicas, privadas, do ensino superior e de \u00e1reas como Direito, Fisioterapia, Enfermagem, que trabalham diretamente com gest\u00e3o, pol\u00edticas p\u00fablicas de acesso \u00e0 educa\u00e7\u00e3o e sa\u00fade. De maneira geral, interessa para todos que gostam de estudar educa\u00e7\u00e3o e processos formativos.<\/p>\n<p><strong>Linhas de pesquisa<\/strong><\/p>\n<p><strong>S\u00e3o tr\u00eas:<\/strong> 1 &#8211; Forma\u00e7\u00e3o de Professores, Saberes e Pr\u00e1ticas Educativas; 2 \u2013 Pol\u00edticas P\u00fablicas e Gest\u00e3o da Educa\u00e7\u00e3o; 3 \u2013 Processos Educativos, Linguagens e Tecnologias.<\/p>\n<p><strong>Inscri\u00e7\u00f5es<\/strong><\/p>\n<p>As inscri\u00e7\u00f5es para o curso est\u00e3o abertas e seguem at\u00e9 o dia 31 de maio &#8211; s\u00e3o 10 vagas ofertadas no c\u00e2mpus de S\u00e3o Luiz Gonzaga e as aulas iniciam em 9 de agosto de 2019.<\/p>\n<p>Para mais informa\u00e7\u00f5es <a href=\"http:\/\/www.fw.uri.br\/site\/pos-graduacao\/mestrado-stricto-sensu\/mestrado-e-doutorado-em-educacao\"><strong>clique aqui<\/strong> <\/a>ou mande e-mail para <a href=\"mailto:PPGEDU@URI.EDU.BR\">ppgedu@uri.edu.br<\/a>. Tem ainda o telefone 55 3744-9285.<\/p>\n<h4><strong>Fonte: URI &#8211; S\u00e3o Luiz<\/strong><\/h4>\n","protected":false},"excerpt":{"rendered":"<p>(22\/05\/2019) Na segunda-feira (20\/05), a URI &#8211; S\u00e3o Luiz recebeu visita da vice-coordenadora do Programa de P\u00f3s-Gradua\u00e7\u00e3o em Educa\u00e7\u00e3o da URI \u2013 Frederico Westphalen, Professora Luana Teixeira Porto. O ato reuniu a Dire\u00e7\u00e3o-Geral, Dire\u00e7\u00e3o Acad\u00eamica, Coordenadores dos Cursos de Gradua\u00e7\u00e3o e egressos, para o an\u00fancio de que pela primeira vez em 27 anos a unidade [&hellip;]<\/p>\n","protected":false},"author":6,"featured_media":12737,"comment_status":"open","ping_status":"open","sticky":false,"template":"","format":"standard","meta":{"footnotes":""},"categories":[3,1,6],"tags":[],"class_list":["post-12736","post","type-post","status-publish","format-standard","has-post-thumbnail","hentry","category-destaques","category-noticias","category-pos-graduacao"],"_links":{"self":[{"href":"https:\/\/saoluiz.uri.br\/wordpress\/index.php\/wp-json\/wp\/v2\/posts\/12736","targetHints":{"allow":["GET"]}}],"collection":[{"href":"https:\/\/saoluiz.uri.br\/wordpress\/index.php\/wp-json\/wp\/v2\/posts"}],"about":[{"href":"https:\/\/saoluiz.uri.br\/wordpress\/index.php\/wp-json\/wp\/v2\/types\/post"}],"author":[{"embeddable":true,"href":"https:\/\/saoluiz.uri.br\/wordpress\/index.php\/wp-json\/wp\/v2\/users\/6"}],"replies":[{"embeddable":true,"href":"https:\/\/saoluiz.uri.br\/wordpress\/index.php\/wp-json\/wp\/v2\/comments?post=12736"}],"version-history":[{"count":0,"href":"https:\/\/saoluiz.uri.br\/wordpress\/index.php\/wp-json\/wp\/v2\/posts\/12736\/revisions"}],"wp:featuredmedia":[{"embeddable":true,"href":"https:\/\/saoluiz.uri.br\/wordpress\/index.php\/wp-json\/wp\/v2\/media\/12737"}],"wp:attachment":[{"href":"https:\/\/saoluiz.uri.br\/wordpress\/index.php\/wp-json\/wp\/v2\/media?parent=12736"}],"wp:term":[{"taxonomy":"category","embeddable":true,"href":"https:\/\/saoluiz.uri.br\/wordpress\/index.php\/wp-json\/wp\/v2\/categories?post=12736"},{"taxonomy":"post_tag","embeddable":true,"href":"https:\/\/saoluiz.uri.br\/wordpress\/index.php\/wp-json\/wp\/v2\/tags?post=12736"}],"curies":[{"name":"wp","href":"https:\/\/api.w.org\/{rel}","templated":true}]}}