{"id":12624,"date":"2019-05-14T14:42:56","date_gmt":"2019-05-14T17:42:56","guid":{"rendered":"https:\/\/saoluiz.uri.br\/wordpress\/?p=12624"},"modified":"2019-05-14T14:43:26","modified_gmt":"2019-05-14T17:43:26","slug":"mestrado-em-educacao","status":"publish","type":"post","link":"https:\/\/saoluiz.uri.br\/wordpress\/index.php\/2019\/05\/14\/mestrado-em-educacao\/","title":{"rendered":"Mestrado em Educa\u00e7\u00e3o na URI S\u00e3o Luiz Gonzaga"},"content":{"rendered":"<p>A URI-SLG disponibiliza para a comunidade local e regional a oportunidade de cursar Mestrado em Educa\u00e7\u00e3o, em S\u00e3o Luiz Gonzaga. Trata-se de uma parceria com o C\u00e2mpus de Frederico Westphalen, cujo Programa de P\u00f3s-Gradua\u00e7\u00e3o em Educa\u00e7\u00e3o (PPGEdu), obteve excelente avalia\u00e7\u00e3o do MEC, credenciando-se a oferecer tamb\u00e9m Doutorado em Educa\u00e7\u00e3o.<\/p>\n<p>Esta \u00e9 uma iniciativa relevante da URI-SLG, pois propicia aos educadores e demais profissionais a possibilidade de aprimoramento e complementa\u00e7\u00e3o de estudos em nosso munic\u00edpio. Conforme a Diretora Geral, professora Dinara Bortoli Tomasi, a implementa\u00e7\u00e3o do Mestrado na URI local atende a uma reivindica\u00e7\u00e3o dos docentes e profissionais da regi\u00e3o e fortalece o compromisso da URI-SLG com a forma\u00e7\u00e3o de qualidade, nos diferentes n\u00edveis da educa\u00e7\u00e3o. Oportunizar o stricto sensu \u00e9 uma forma de inovar e de contribuir para que possamos avan\u00e7ar na busca de aperfei\u00e7oamento do processo de ensinar e aprender.<\/p>\n<p>As inscri\u00e7\u00f5es para o Mestrado em Educa\u00e7\u00e3o encontram-se abertas at\u00e9 o dia 31 de maio do corrente. S\u00e3o dez vagas distribu\u00eddas entre as tr\u00eas linhas de pesquisa do Programa: 1) Forma\u00e7\u00e3o de Professores, Saberes e Pr\u00e1ticas Educativas; 2) Pol\u00edticas p\u00fablicas e Gest\u00e3o da educa\u00e7\u00e3o; 3) Processos educativos, Linguagens e Tecnologias.<\/p>\n<p>No dia 20 de maio, pr\u00f3xima segunda-feira, a partir das 19 horas, na Sala de Reuni\u00f5es da URI-SLG, haver\u00e1 um Semin\u00e1rio de Apresenta\u00e7\u00e3o do PPGEdu, com a presen\u00e7a da coordenadora do Programa, professora Luci Mary Pacheco e de representantes do corpo docente. Nesta ocasi\u00e3o, os interessados poder\u00e3o dirimir d\u00favidas e compreender o processo seletivo e o cronograma de aulas a serem realizadas em S\u00e3o Luiz Gonzaga, bem como sobre as orienta\u00e7\u00f5es para elabora\u00e7\u00e3o e defesa da disserta\u00e7\u00e3o. Toda comunidade est\u00e1 convidada a participar do evento.<\/p>\n","protected":false},"excerpt":{"rendered":"<p>A URI-SLG disponibiliza para a comunidade local e regional a oportunidade de cursar Mestrado em Educa\u00e7\u00e3o, em S\u00e3o Luiz Gonzaga. Trata-se de uma parceria com o C\u00e2mpus de Frederico Westphalen, cujo Programa de P\u00f3s-Gradua\u00e7\u00e3o em Educa\u00e7\u00e3o (PPGEdu), obteve excelente avalia\u00e7\u00e3o do MEC, credenciando-se a oferecer tamb\u00e9m Doutorado em Educa\u00e7\u00e3o. Esta \u00e9 uma iniciativa relevante da [&hellip;]<\/p>\n","protected":false},"author":6,"featured_media":12503,"comment_status":"open","ping_status":"open","sticky":false,"template":"","format":"standard","meta":{"footnotes":""},"categories":[3,4,1],"tags":[],"class_list":["post-12624","post","type-post","status-publish","format-standard","has-post-thumbnail","hentry","category-destaques","category-graduacao","category-noticias"],"_links":{"self":[{"href":"https:\/\/saoluiz.uri.br\/wordpress\/index.php\/wp-json\/wp\/v2\/posts\/12624","targetHints":{"allow":["GET"]}}],"collection":[{"href":"https:\/\/saoluiz.uri.br\/wordpress\/index.php\/wp-json\/wp\/v2\/posts"}],"about":[{"href":"https:\/\/saoluiz.uri.br\/wordpress\/index.php\/wp-json\/wp\/v2\/types\/post"}],"author":[{"embeddable":true,"href":"https:\/\/saoluiz.uri.br\/wordpress\/index.php\/wp-json\/wp\/v2\/users\/6"}],"replies":[{"embeddable":true,"href":"https:\/\/saoluiz.uri.br\/wordpress\/index.php\/wp-json\/wp\/v2\/comments?post=12624"}],"version-history":[{"count":0,"href":"https:\/\/saoluiz.uri.br\/wordpress\/index.php\/wp-json\/wp\/v2\/posts\/12624\/revisions"}],"wp:featuredmedia":[{"embeddable":true,"href":"https:\/\/saoluiz.uri.br\/wordpress\/index.php\/wp-json\/wp\/v2\/media\/12503"}],"wp:attachment":[{"href":"https:\/\/saoluiz.uri.br\/wordpress\/index.php\/wp-json\/wp\/v2\/media?parent=12624"}],"wp:term":[{"taxonomy":"category","embeddable":true,"href":"https:\/\/saoluiz.uri.br\/wordpress\/index.php\/wp-json\/wp\/v2\/categories?post=12624"},{"taxonomy":"post_tag","embeddable":true,"href":"https:\/\/saoluiz.uri.br\/wordpress\/index.php\/wp-json\/wp\/v2\/tags?post=12624"}],"curies":[{"name":"wp","href":"https:\/\/api.w.org\/{rel}","templated":true}]}}