{"id":12618,"date":"2019-05-14T15:57:17","date_gmt":"2019-05-14T18:57:17","guid":{"rendered":"https:\/\/saoluiz.uri.br\/wordpress\/?p=12618"},"modified":"2019-05-14T15:57:17","modified_gmt":"2019-05-14T18:57:17","slug":"abertura-da-ii-semana-academica-integrada-dos-cursos-de-administracao-e-ciencias-contabeis","status":"publish","type":"post","link":"https:\/\/saoluiz.uri.br\/wordpress\/index.php\/2019\/05\/14\/abertura-da-ii-semana-academica-integrada-dos-cursos-de-administracao-e-ciencias-contabeis\/","title":{"rendered":"Abertura da II Semana Acad\u00eamica Integrada dos Cursos de Administra\u00e7\u00e3o e Ci\u00eancias Cont\u00e1beis"},"content":{"rendered":"<p>Na noite desta segunda (13), teve in\u00edcio a II Semana Acad\u00eamica Integrada dos Cursos de Administra\u00e7\u00e3o e Ci\u00eancias Cont\u00e1beis. A abertura oficial do evento foi realizada pela Diretora Acad\u00eamica, Renata Barth Machado, pelos coordenadores dos Cursos de Administra\u00e7\u00e3o e Ci\u00eancias Cont\u00e1beis,\u00a0 Luciane Oliveira\u00a0e Cirino Calistrato Rebelo, respectivamente. Ainda na abertura do evento, teve a bel\u00edssima apresenta\u00e7\u00e3o art\u00edstica de um cover do cantor Roberto Carlos, interpretado pelo Professor\u00a0Roberto Dalongaro.<\/p>\n<p>Com muita propriedade e conhecimento nas \u00e1reas de Recursos Humanos, Qualidade, Finan\u00e7as e Estrat\u00e9gias, al\u00e9m de uma bagagem acad\u00eamica invej\u00e1vel o Administrador e Gerente S\u00eanior da Bruning Tecnometal, de Panambi, Daniel Pottker, encantou a todos os participantes ao compartilhar os desafios do mundo do trabalho, onde tomou por base a empresa Bruning Tecnometal que \u00e9 sem sombra de d\u00favidas refer\u00eancia em termos de gest\u00e3o, inova\u00e7\u00e3o e tecnologia de ponta no mercado. O debatedor do evento foi o Delegado do CRA-RS e professor da URI- S\u00e3o Luiz Gonzaga,\u00a0Alceu Lopes.<\/p>\n<div id='gallery-1' class='gallery galleryid-12618 gallery-columns-3 gallery-size-medium'><figure class='gallery-item'>\n\t\t\t<div class='gallery-icon portrait'>\n\t\t\t\t<a href='https:\/\/saoluiz.uri.br\/wordpress\/index.php\/2019\/05\/14\/abertura-da-ii-semana-academica-integrada-dos-cursos-de-administracao-e-ciencias-contabeis\/60148423_2467547393303511_1557896998898630656_o\/'><img loading=\"lazy\" decoding=\"async\" width=\"169\" height=\"300\" src=\"https:\/\/saoluiz.uri.br\/wordpress\/wp-content\/uploads\/2019\/05\/60148423_2467547393303511_1557896998898630656_o-169x300.jpg\" class=\"attachment-medium size-medium\" alt=\"\" srcset=\"https:\/\/saoluiz.uri.br\/wordpress\/wp-content\/uploads\/2019\/05\/60148423_2467547393303511_1557896998898630656_o-169x300.jpg 169w, https:\/\/saoluiz.uri.br\/wordpress\/wp-content\/uploads\/2019\/05\/60148423_2467547393303511_1557896998898630656_o-576x1024.jpg 576w, https:\/\/saoluiz.uri.br\/wordpress\/wp-content\/uploads\/2019\/05\/60148423_2467547393303511_1557896998898630656_o.jpg 720w\" sizes=\"auto, (max-width: 169px) 100vw, 169px\" \/><\/a>\n\t\t\t<\/div><\/figure><figure class='gallery-item'>\n\t\t\t<div class='gallery-icon landscape'>\n\t\t\t\t<a href='https:\/\/saoluiz.uri.br\/wordpress\/index.php\/2019\/05\/14\/abertura-da-ii-semana-academica-integrada-dos-cursos-de-administracao-e-ciencias-contabeis\/60344408_2467547349970182_8749096631061708800_o\/'><img loading=\"lazy\" decoding=\"async\" width=\"300\" height=\"169\" src=\"https:\/\/saoluiz.uri.br\/wordpress\/wp-content\/uploads\/2019\/05\/60344408_2467547349970182_8749096631061708800_o-300x169.jpg\" class=\"attachment-medium size-medium\" alt=\"\" srcset=\"https:\/\/saoluiz.uri.br\/wordpress\/wp-content\/uploads\/2019\/05\/60344408_2467547349970182_8749096631061708800_o-300x169.jpg 300w, https:\/\/saoluiz.uri.br\/wordpress\/wp-content\/uploads\/2019\/05\/60344408_2467547349970182_8749096631061708800_o-768x432.jpg 768w, https:\/\/saoluiz.uri.br\/wordpress\/wp-content\/uploads\/2019\/05\/60344408_2467547349970182_8749096631061708800_o-1024x576.jpg 1024w, https:\/\/saoluiz.uri.br\/wordpress\/wp-content\/uploads\/2019\/05\/60344408_2467547349970182_8749096631061708800_o.jpg 1280w\" sizes=\"auto, (max-width: 300px) 100vw, 300px\" \/><\/a>\n\t\t\t<\/div><\/figure><figure class='gallery-item'>\n\t\t\t<div class='gallery-icon landscape'>\n\t\t\t\t<a href='https:\/\/saoluiz.uri.br\/wordpress\/index.php\/2019\/05\/14\/abertura-da-ii-semana-academica-integrada-dos-cursos-de-administracao-e-ciencias-contabeis\/60345773_2467547269970190_7371098675273007104_o\/'><img loading=\"lazy\" decoding=\"async\" width=\"300\" height=\"243\" src=\"https:\/\/saoluiz.uri.br\/wordpress\/wp-content\/uploads\/2019\/05\/60345773_2467547269970190_7371098675273007104_o-300x243.jpg\" class=\"attachment-medium size-medium\" alt=\"\" srcset=\"https:\/\/saoluiz.uri.br\/wordpress\/wp-content\/uploads\/2019\/05\/60345773_2467547269970190_7371098675273007104_o-300x243.jpg 300w, https:\/\/saoluiz.uri.br\/wordpress\/wp-content\/uploads\/2019\/05\/60345773_2467547269970190_7371098675273007104_o-768x622.jpg 768w, https:\/\/saoluiz.uri.br\/wordpress\/wp-content\/uploads\/2019\/05\/60345773_2467547269970190_7371098675273007104_o-1024x830.jpg 1024w, https:\/\/saoluiz.uri.br\/wordpress\/wp-content\/uploads\/2019\/05\/60345773_2467547269970190_7371098675273007104_o.jpg 1259w\" sizes=\"auto, (max-width: 300px) 100vw, 300px\" \/><\/a>\n\t\t\t<\/div><\/figure><figure class='gallery-item'>\n\t\t\t<div class='gallery-icon portrait'>\n\t\t\t\t<a href='https:\/\/saoluiz.uri.br\/wordpress\/index.php\/2019\/05\/14\/abertura-da-ii-semana-academica-integrada-dos-cursos-de-administracao-e-ciencias-contabeis\/60433972_2467546756636908_1459199689818636288_o\/'><img loading=\"lazy\" decoding=\"async\" width=\"211\" height=\"300\" src=\"https:\/\/saoluiz.uri.br\/wordpress\/wp-content\/uploads\/2019\/05\/60433972_2467546756636908_1459199689818636288_o-211x300.jpg\" class=\"attachment-medium size-medium\" alt=\"\" srcset=\"https:\/\/saoluiz.uri.br\/wordpress\/wp-content\/uploads\/2019\/05\/60433972_2467546756636908_1459199689818636288_o-211x300.jpg 211w, https:\/\/saoluiz.uri.br\/wordpress\/wp-content\/uploads\/2019\/05\/60433972_2467546756636908_1459199689818636288_o-768x1090.jpg 768w, https:\/\/saoluiz.uri.br\/wordpress\/wp-content\/uploads\/2019\/05\/60433972_2467546756636908_1459199689818636288_o-721x1024.jpg 721w, https:\/\/saoluiz.uri.br\/wordpress\/wp-content\/uploads\/2019\/05\/60433972_2467546756636908_1459199689818636288_o.jpg 1239w\" sizes=\"auto, (max-width: 211px) 100vw, 211px\" \/><\/a>\n\t\t\t<\/div><\/figure>\n\t\t<\/div>\n\n","protected":false},"excerpt":{"rendered":"<p>Na noite desta segunda (13), teve in\u00edcio a II Semana Acad\u00eamica Integrada dos Cursos de Administra\u00e7\u00e3o e Ci\u00eancias Cont\u00e1beis. A abertura oficial do evento foi realizada pela Diretora Acad\u00eamica, Renata Barth Machado, pelos coordenadores dos Cursos de Administra\u00e7\u00e3o e Ci\u00eancias Cont\u00e1beis,\u00a0 Luciane Oliveira\u00a0e Cirino Calistrato Rebelo, respectivamente. Ainda na abertura do evento, teve a bel\u00edssima [&hellip;]<\/p>\n","protected":false},"author":6,"featured_media":12620,"comment_status":"open","ping_status":"open","sticky":false,"template":"","format":"standard","meta":{"footnotes":""},"categories":[3,13,14,4,1],"tags":[50,51,45,123,34,35],"class_list":["post-12618","post","type-post","status-publish","format-standard","has-post-thumbnail","hentry","category-destaques","category-administracao","category-ciencias-contabeis","category-graduacao","category-noticias","tag-administracao","tag-ciencias-contabeis","tag-sao-luiz-gonzaga","tag-semana-academica","tag-uri","tag-uri-sao-luiz-gonzaga"],"_links":{"self":[{"href":"https:\/\/saoluiz.uri.br\/wordpress\/index.php\/wp-json\/wp\/v2\/posts\/12618","targetHints":{"allow":["GET"]}}],"collection":[{"href":"https:\/\/saoluiz.uri.br\/wordpress\/index.php\/wp-json\/wp\/v2\/posts"}],"about":[{"href":"https:\/\/saoluiz.uri.br\/wordpress\/index.php\/wp-json\/wp\/v2\/types\/post"}],"author":[{"embeddable":true,"href":"https:\/\/saoluiz.uri.br\/wordpress\/index.php\/wp-json\/wp\/v2\/users\/6"}],"replies":[{"embeddable":true,"href":"https:\/\/saoluiz.uri.br\/wordpress\/index.php\/wp-json\/wp\/v2\/comments?post=12618"}],"version-history":[{"count":0,"href":"https:\/\/saoluiz.uri.br\/wordpress\/index.php\/wp-json\/wp\/v2\/posts\/12618\/revisions"}],"wp:featuredmedia":[{"embeddable":true,"href":"https:\/\/saoluiz.uri.br\/wordpress\/index.php\/wp-json\/wp\/v2\/media\/12620"}],"wp:attachment":[{"href":"https:\/\/saoluiz.uri.br\/wordpress\/index.php\/wp-json\/wp\/v2\/media?parent=12618"}],"wp:term":[{"taxonomy":"category","embeddable":true,"href":"https:\/\/saoluiz.uri.br\/wordpress\/index.php\/wp-json\/wp\/v2\/categories?post=12618"},{"taxonomy":"post_tag","embeddable":true,"href":"https:\/\/saoluiz.uri.br\/wordpress\/index.php\/wp-json\/wp\/v2\/tags?post=12618"}],"curies":[{"name":"wp","href":"https:\/\/api.w.org\/{rel}","templated":true}]}}