{"id":12603,"date":"2019-05-13T20:32:02","date_gmt":"2019-05-13T23:32:02","guid":{"rendered":"https:\/\/saoluiz.uri.br\/wordpress\/?p=12603"},"modified":"2019-05-13T20:32:02","modified_gmt":"2019-05-13T23:32:02","slug":"curso-de-direito-recebe-promotora-da-comarca-em-aula-de-direito-ambiental","status":"publish","type":"post","link":"https:\/\/saoluiz.uri.br\/wordpress\/index.php\/2019\/05\/13\/curso-de-direito-recebe-promotora-da-comarca-em-aula-de-direito-ambiental\/","title":{"rendered":"Curso de Direito recebe promotora da Comarca em aula de Direito Ambiental"},"content":{"rendered":"<div dir=\"auto\">Em 10.05.2019, o Curso de Direito da URI &#8211; S\u00e3o Luiz Gonzaga teve o privil\u00e9gio de receber a Dra. Melissa Stein Schanrberg, Promotora da Promotoria de Justi\u00e7a Especializada da Comarca, que gentilmente compartilhou com os alunos da disciplina de Direito Ambiental, ministrada pela professora Carolina Menegon, quest\u00f5es pr\u00e1ticas acerca da sua atua\u00e7\u00e3o em mat\u00e9ria ambiental.<\/div>\n<div dir=\"auto\">O Minist\u00e9rio P\u00fablico \u00e9 um dos \u00f3rg\u00e3os com maior atua\u00e7\u00e3o judicial em mat\u00e9ria ambiental, sendo um dos legitimados a propor A\u00e7\u00e3o Civil P\u00fablica.<\/div>\n<div dir=\"auto\">Assim, a atividade visou aliar a pr\u00e1tica, a partir da fala da Promotora de Justi\u00e7a, com a teoria.<\/div>\n<div dir=\"auto\">Agradecemos a Dra. Melissa pela sua disponibilidade e, tamb\u00e9m, pela aten\u00e7\u00e3o com nossos alunos.<\/div>\n<div dir=\"auto\"><\/div>\n<div dir=\"auto\">\n<div id='gallery-1' class='gallery galleryid-12603 gallery-columns-3 gallery-size-medium'><figure class='gallery-item'>\n\t\t\t<div class='gallery-icon landscape'>\n\t\t\t\t<a href='https:\/\/saoluiz.uri.br\/wordpress\/index.php\/2019\/05\/13\/curso-de-direito-recebe-promotora-da-comarca-em-aula-de-direito-ambiental\/2-62\/'><img loading=\"lazy\" decoding=\"async\" width=\"300\" height=\"169\" src=\"https:\/\/saoluiz.uri.br\/wordpress\/wp-content\/uploads\/2019\/05\/2-300x169.jpg\" class=\"attachment-medium size-medium\" alt=\"\" srcset=\"https:\/\/saoluiz.uri.br\/wordpress\/wp-content\/uploads\/2019\/05\/2-300x169.jpg 300w, https:\/\/saoluiz.uri.br\/wordpress\/wp-content\/uploads\/2019\/05\/2-768x432.jpg 768w, https:\/\/saoluiz.uri.br\/wordpress\/wp-content\/uploads\/2019\/05\/2-1024x576.jpg 1024w, https:\/\/saoluiz.uri.br\/wordpress\/wp-content\/uploads\/2019\/05\/2.jpg 1032w\" sizes=\"auto, (max-width: 300px) 100vw, 300px\" \/><\/a>\n\t\t\t<\/div><\/figure><figure class='gallery-item'>\n\t\t\t<div class='gallery-icon portrait'>\n\t\t\t\t<a href='https:\/\/saoluiz.uri.br\/wordpress\/index.php\/2019\/05\/13\/curso-de-direito-recebe-promotora-da-comarca-em-aula-de-direito-ambiental\/3-43\/'><img loading=\"lazy\" decoding=\"async\" width=\"222\" height=\"300\" src=\"https:\/\/saoluiz.uri.br\/wordpress\/wp-content\/uploads\/2019\/05\/3-222x300.jpg\" class=\"attachment-medium size-medium\" alt=\"\" srcset=\"https:\/\/saoluiz.uri.br\/wordpress\/wp-content\/uploads\/2019\/05\/3-222x300.jpg 222w, https:\/\/saoluiz.uri.br\/wordpress\/wp-content\/uploads\/2019\/05\/3.jpg 581w\" sizes=\"auto, (max-width: 222px) 100vw, 222px\" \/><\/a>\n\t\t\t<\/div><\/figure><figure class='gallery-item'>\n\t\t\t<div class='gallery-icon landscape'>\n\t\t\t\t<a href='https:\/\/saoluiz.uri.br\/wordpress\/index.php\/2019\/05\/13\/curso-de-direito-recebe-promotora-da-comarca-em-aula-de-direito-ambiental\/1-93\/'><img loading=\"lazy\" decoding=\"async\" width=\"300\" height=\"169\" src=\"https:\/\/saoluiz.uri.br\/wordpress\/wp-content\/uploads\/2019\/05\/1-300x169.jpg\" class=\"attachment-medium size-medium\" alt=\"\" srcset=\"https:\/\/saoluiz.uri.br\/wordpress\/wp-content\/uploads\/2019\/05\/1-300x169.jpg 300w, https:\/\/saoluiz.uri.br\/wordpress\/wp-content\/uploads\/2019\/05\/1-768x432.jpg 768w, https:\/\/saoluiz.uri.br\/wordpress\/wp-content\/uploads\/2019\/05\/1-1024x576.jpg 1024w, https:\/\/saoluiz.uri.br\/wordpress\/wp-content\/uploads\/2019\/05\/1.jpg 1032w\" sizes=\"auto, (max-width: 300px) 100vw, 300px\" \/><\/a>\n\t\t\t<\/div><\/figure>\n\t\t<\/div>\n\n<\/div>\n","protected":false},"excerpt":{"rendered":"<p>Em 10.05.2019, o Curso de Direito da URI &#8211; S\u00e3o Luiz Gonzaga teve o privil\u00e9gio de receber a Dra. Melissa Stein Schanrberg, Promotora da Promotoria de Justi\u00e7a Especializada da Comarca, que gentilmente compartilhou com os alunos da disciplina de Direito Ambiental, ministrada pela professora Carolina Menegon, quest\u00f5es pr\u00e1ticas acerca da sua atua\u00e7\u00e3o em mat\u00e9ria ambiental. [&hellip;]<\/p>\n","protected":false},"author":6,"featured_media":12605,"comment_status":"open","ping_status":"open","sticky":false,"template":"","format":"standard","meta":{"footnotes":""},"categories":[3,15,4],"tags":[106,143,116,144,118,45],"class_list":["post-12603","post","type-post","status-publish","format-standard","has-post-thumbnail","hentry","category-destaques","category-direito","category-graduacao","tag-direito","tag-direito-ambiental","tag-forum","tag-promotora","tag-promotoria","tag-sao-luiz-gonzaga"],"_links":{"self":[{"href":"https:\/\/saoluiz.uri.br\/wordpress\/index.php\/wp-json\/wp\/v2\/posts\/12603","targetHints":{"allow":["GET"]}}],"collection":[{"href":"https:\/\/saoluiz.uri.br\/wordpress\/index.php\/wp-json\/wp\/v2\/posts"}],"about":[{"href":"https:\/\/saoluiz.uri.br\/wordpress\/index.php\/wp-json\/wp\/v2\/types\/post"}],"author":[{"embeddable":true,"href":"https:\/\/saoluiz.uri.br\/wordpress\/index.php\/wp-json\/wp\/v2\/users\/6"}],"replies":[{"embeddable":true,"href":"https:\/\/saoluiz.uri.br\/wordpress\/index.php\/wp-json\/wp\/v2\/comments?post=12603"}],"version-history":[{"count":0,"href":"https:\/\/saoluiz.uri.br\/wordpress\/index.php\/wp-json\/wp\/v2\/posts\/12603\/revisions"}],"wp:featuredmedia":[{"embeddable":true,"href":"https:\/\/saoluiz.uri.br\/wordpress\/index.php\/wp-json\/wp\/v2\/media\/12605"}],"wp:attachment":[{"href":"https:\/\/saoluiz.uri.br\/wordpress\/index.php\/wp-json\/wp\/v2\/media?parent=12603"}],"wp:term":[{"taxonomy":"category","embeddable":true,"href":"https:\/\/saoluiz.uri.br\/wordpress\/index.php\/wp-json\/wp\/v2\/categories?post=12603"},{"taxonomy":"post_tag","embeddable":true,"href":"https:\/\/saoluiz.uri.br\/wordpress\/index.php\/wp-json\/wp\/v2\/tags?post=12603"}],"curies":[{"name":"wp","href":"https:\/\/api.w.org\/{rel}","templated":true}]}}