{"id":12596,"date":"2019-05-14T15:20:51","date_gmt":"2019-05-14T18:20:51","guid":{"rendered":"https:\/\/saoluiz.uri.br\/wordpress\/?p=12596"},"modified":"2019-05-14T15:20:51","modified_gmt":"2019-05-14T18:20:51","slug":"academicos-de-fisioterapia-iniciam-praticas-no-lar-do-idoso-sao-vicente-de-paula","status":"publish","type":"post","link":"https:\/\/saoluiz.uri.br\/wordpress\/index.php\/2019\/05\/14\/academicos-de-fisioterapia-iniciam-praticas-no-lar-do-idoso-sao-vicente-de-paula\/","title":{"rendered":"Acad\u00eamicos de Fisioterapia iniciam pr\u00e1ticas no Lar do Idoso S\u00e3o Vicente de Paula"},"content":{"rendered":"<p>Os acad\u00eamicos do 7\u00ba semestre do Curso de Fisioterapia iniciaram na \u00faltima semana as aulas pr\u00e1ticas no Lar S\u00e3o Vicente de Paula. Os atendimentos fazem parte da disciplina de Gerontologia, ministrada pela professora Marzane Bolzan, e os atendimentos t\u00eam como objetivo a promo\u00e7\u00e3o do bem estar e qualidade de vida dos idosos, al\u00e9m de contribuir para a forma\u00e7\u00e3o dos acad\u00eamicos.<\/p>\n<p><a href=\"https:\/\/saoluiz.uri.br\/wordpress\/wp-content\/uploads\/2019\/05\/WhatsApp-Image-2019-05-07-at-20.05.07.jpeg\"><img loading=\"lazy\" decoding=\"async\" class=\"alignnone size-large wp-image-12597\" src=\"https:\/\/saoluiz.uri.br\/wordpress\/wp-content\/uploads\/2019\/05\/WhatsApp-Image-2019-05-07-at-20.05.07-1024x768.jpeg\" alt=\"\" width=\"1024\" height=\"768\" srcset=\"https:\/\/saoluiz.uri.br\/wordpress\/wp-content\/uploads\/2019\/05\/WhatsApp-Image-2019-05-07-at-20.05.07-1024x768.jpeg 1024w, https:\/\/saoluiz.uri.br\/wordpress\/wp-content\/uploads\/2019\/05\/WhatsApp-Image-2019-05-07-at-20.05.07-300x225.jpeg 300w, https:\/\/saoluiz.uri.br\/wordpress\/wp-content\/uploads\/2019\/05\/WhatsApp-Image-2019-05-07-at-20.05.07-768x576.jpeg 768w, https:\/\/saoluiz.uri.br\/wordpress\/wp-content\/uploads\/2019\/05\/WhatsApp-Image-2019-05-07-at-20.05.07.jpeg 1280w\" sizes=\"auto, (max-width: 1024px) 100vw, 1024px\" \/><\/a><\/p>\n","protected":false},"excerpt":{"rendered":"<p>Os acad\u00eamicos do 7\u00ba semestre do Curso de Fisioterapia iniciaram na \u00faltima semana as aulas pr\u00e1ticas no Lar S\u00e3o Vicente de Paula. Os atendimentos fazem parte da disciplina de Gerontologia, ministrada pela professora Marzane Bolzan, e os atendimentos t\u00eam como objetivo a promo\u00e7\u00e3o do bem estar e qualidade de vida dos idosos, al\u00e9m de contribuir [&hellip;]<\/p>\n","protected":false},"author":6,"featured_media":12597,"comment_status":"open","ping_status":"open","sticky":false,"template":"","format":"standard","meta":{"footnotes":""},"categories":[18,4,1],"tags":[],"class_list":["post-12596","post","type-post","status-publish","format-standard","has-post-thumbnail","hentry","category-fisioterapia","category-graduacao","category-noticias"],"_links":{"self":[{"href":"https:\/\/saoluiz.uri.br\/wordpress\/index.php\/wp-json\/wp\/v2\/posts\/12596","targetHints":{"allow":["GET"]}}],"collection":[{"href":"https:\/\/saoluiz.uri.br\/wordpress\/index.php\/wp-json\/wp\/v2\/posts"}],"about":[{"href":"https:\/\/saoluiz.uri.br\/wordpress\/index.php\/wp-json\/wp\/v2\/types\/post"}],"author":[{"embeddable":true,"href":"https:\/\/saoluiz.uri.br\/wordpress\/index.php\/wp-json\/wp\/v2\/users\/6"}],"replies":[{"embeddable":true,"href":"https:\/\/saoluiz.uri.br\/wordpress\/index.php\/wp-json\/wp\/v2\/comments?post=12596"}],"version-history":[{"count":0,"href":"https:\/\/saoluiz.uri.br\/wordpress\/index.php\/wp-json\/wp\/v2\/posts\/12596\/revisions"}],"wp:featuredmedia":[{"embeddable":true,"href":"https:\/\/saoluiz.uri.br\/wordpress\/index.php\/wp-json\/wp\/v2\/media\/12597"}],"wp:attachment":[{"href":"https:\/\/saoluiz.uri.br\/wordpress\/index.php\/wp-json\/wp\/v2\/media?parent=12596"}],"wp:term":[{"taxonomy":"category","embeddable":true,"href":"https:\/\/saoluiz.uri.br\/wordpress\/index.php\/wp-json\/wp\/v2\/categories?post=12596"},{"taxonomy":"post_tag","embeddable":true,"href":"https:\/\/saoluiz.uri.br\/wordpress\/index.php\/wp-json\/wp\/v2\/tags?post=12596"}],"curies":[{"name":"wp","href":"https:\/\/api.w.org\/{rel}","templated":true}]}}