{"id":12523,"date":"2019-04-30T14:39:20","date_gmt":"2019-04-30T17:39:20","guid":{"rendered":"https:\/\/saoluiz.uri.br\/wordpress\/?p=12523"},"modified":"2019-04-30T14:39:20","modified_gmt":"2019-04-30T17:39:20","slug":"pascoa-e-celebrada-pelos-alunos-da-escola-da-uri","status":"publish","type":"post","link":"https:\/\/saoluiz.uri.br\/wordpress\/index.php\/2019\/04\/30\/pascoa-e-celebrada-pelos-alunos-da-escola-da-uri\/","title":{"rendered":"P\u00e1scoa \u00e9 celebrada pelos alunos da Escola da URI"},"content":{"rendered":"<p>No dia 17\/04\/2019 foi realizada a Celebra\u00e7\u00e3o de P\u00e1scoa com os alunos dos Anos Finais do Ensino Fundamental e Ensino M\u00e9dio.<\/p>\n<p>A diretora-geral da URI S\u00e3o Luiz Gonzaga, Dinara Bortoli Tomasi, realizou a abertura do evento falando sobre o verdadeiro sentido da P\u00e1scoa na vida dos crist\u00e3os.<\/p>\n<p>Os alunos e professores prepararam com muita alegria a celebra\u00e7\u00e3o, apresentando os s\u00edmbolos pascais. O significado da P\u00e1scoa para cada turma, a partir dos compromissos assumidos na P\u00e1scoa\/2018, realizaram reflex\u00f5es e compartilharam com o grande grupo os diversos aspectos em que as suas vidas melhoraram.<\/p>\n<p>Tamb\u00e9m foi mencionada a Campanha da Fraternidade\/2019, no qual a igreja organiza todos os anos na Quaresma tendo como tema: \u201cFraternidade e Pol\u00edticas P\u00fablicas\u201d e o lema: \u201cSer\u00e1s libertado pelo direito e pela justi\u00e7a (Isaias 1:27).<\/p>\n<p>A imagem apresentada no cartaz demonstra o desejo da Igreja do Brasil de ajudar a sociedade a refletir sobre import\u00e2ncia das pol\u00edticas p\u00fablicas, como meio de assegurar as condi\u00e7\u00f5es mais elementares para constru\u00e7\u00e3o e manuten\u00e7\u00e3o da sociedade, de modo que as pessoas possam viver dignamente nas suas v\u00e1rias realidades. Visando expressar diversas quest\u00f5es relacionadas \u00e0 educa\u00e7\u00e3o, sa\u00fade, ambiente e desenvolvimento. Levando em considera\u00e7\u00e3o que a tem\u00e1tica das pol\u00edticas p\u00fablicas \u00e9 bastante ampla e que dizem respeito a toda a sociedade.<\/p>\n<p>Tamb\u00e9m recebemos representantes da Igreja Batista Novas Miss\u00f5es: Pastor Isar Wondracek e o acad\u00eamico do Curso de Engenharia El\u00e9trica, Gustavo Marques da Silva. Abordaram o tema da P\u00e1scoa em uma perspectiva de f\u00e1cil assimila\u00e7\u00e3o para o jovem moderno, colocando-a de uma maneira pr\u00e1tica, sem doutrina\u00e7\u00e3o e incentivando buscar algo que seja transcendente a exist\u00eancia humana.<\/p>\n<p>No turno da tarde, os alunos da Educa\u00e7\u00e3o Infantil e Anos Iniciais do Ensino Fundamental prepararam apresenta\u00e7\u00f5es no palco e acompanharam as promo\u00e7\u00f5es e brincadeiras relacionadas ao tema da P\u00e1scoa proporcionadas pela turma da 3\u00aa S\u00e9rie do Ensino M\u00e9dio.<\/p>\n<p>Neste dia aconteceu a culmin\u00e2ncia das A\u00e7\u00f5es Solid\u00e1rias com arrecada\u00e7\u00e3o de leite em benef\u00edcio ao Lar do Idoso S\u00e3o Vicente de Paula e cal\u00e7ados fechados (t\u00eanis, sapato, sapatilha, bota&#8230;) em benef\u00edcio ao Lar Escola.<\/p>\n<div id='gallery-1' class='gallery galleryid-12523 gallery-columns-3 gallery-size-medium'><figure class='gallery-item'>\n\t\t\t<div class='gallery-icon landscape'>\n\t\t\t\t<a href='https:\/\/saoluiz.uri.br\/wordpress\/index.php\/2019\/04\/30\/pascoa-e-celebrada-pelos-alunos-da-escola-da-uri\/6-20\/'><img loading=\"lazy\" decoding=\"async\" width=\"300\" height=\"225\" src=\"https:\/\/saoluiz.uri.br\/wordpress\/wp-content\/uploads\/2019\/04\/6-300x225.jpeg\" class=\"attachment-medium size-medium\" alt=\"\" srcset=\"https:\/\/saoluiz.uri.br\/wordpress\/wp-content\/uploads\/2019\/04\/6-300x225.jpeg 300w, https:\/\/saoluiz.uri.br\/wordpress\/wp-content\/uploads\/2019\/04\/6-768x576.jpeg 768w, https:\/\/saoluiz.uri.br\/wordpress\/wp-content\/uploads\/2019\/04\/6-1024x768.jpeg 1024w, https:\/\/saoluiz.uri.br\/wordpress\/wp-content\/uploads\/2019\/04\/6.jpeg 1280w\" sizes=\"auto, (max-width: 300px) 100vw, 300px\" \/><\/a>\n\t\t\t<\/div><\/figure><figure class='gallery-item'>\n\t\t\t<div class='gallery-icon landscape'>\n\t\t\t\t<a href='https:\/\/saoluiz.uri.br\/wordpress\/index.php\/2019\/04\/30\/pascoa-e-celebrada-pelos-alunos-da-escola-da-uri\/7-15\/'><img loading=\"lazy\" decoding=\"async\" width=\"300\" height=\"225\" src=\"https:\/\/saoluiz.uri.br\/wordpress\/wp-content\/uploads\/2019\/04\/7-300x225.jpeg\" class=\"attachment-medium size-medium\" alt=\"\" srcset=\"https:\/\/saoluiz.uri.br\/wordpress\/wp-content\/uploads\/2019\/04\/7-300x225.jpeg 300w, https:\/\/saoluiz.uri.br\/wordpress\/wp-content\/uploads\/2019\/04\/7-768x576.jpeg 768w, https:\/\/saoluiz.uri.br\/wordpress\/wp-content\/uploads\/2019\/04\/7-1024x768.jpeg 1024w, https:\/\/saoluiz.uri.br\/wordpress\/wp-content\/uploads\/2019\/04\/7.jpeg 1280w\" sizes=\"auto, (max-width: 300px) 100vw, 300px\" \/><\/a>\n\t\t\t<\/div><\/figure><figure class='gallery-item'>\n\t\t\t<div class='gallery-icon landscape'>\n\t\t\t\t<a href='https:\/\/saoluiz.uri.br\/wordpress\/index.php\/2019\/04\/30\/pascoa-e-celebrada-pelos-alunos-da-escola-da-uri\/19-5\/'><img loading=\"lazy\" decoding=\"async\" width=\"300\" height=\"225\" src=\"https:\/\/saoluiz.uri.br\/wordpress\/wp-content\/uploads\/2019\/04\/19-300x225.jpeg\" class=\"attachment-medium size-medium\" alt=\"\" srcset=\"https:\/\/saoluiz.uri.br\/wordpress\/wp-content\/uploads\/2019\/04\/19-300x225.jpeg 300w, https:\/\/saoluiz.uri.br\/wordpress\/wp-content\/uploads\/2019\/04\/19-768x576.jpeg 768w, https:\/\/saoluiz.uri.br\/wordpress\/wp-content\/uploads\/2019\/04\/19-1024x768.jpeg 1024w, https:\/\/saoluiz.uri.br\/wordpress\/wp-content\/uploads\/2019\/04\/19.jpeg 1280w\" sizes=\"auto, (max-width: 300px) 100vw, 300px\" \/><\/a>\n\t\t\t<\/div><\/figure><figure class='gallery-item'>\n\t\t\t<div class='gallery-icon landscape'>\n\t\t\t\t<a href='https:\/\/saoluiz.uri.br\/wordpress\/index.php\/2019\/04\/30\/pascoa-e-celebrada-pelos-alunos-da-escola-da-uri\/9-9\/'><img loading=\"lazy\" decoding=\"async\" width=\"300\" height=\"225\" src=\"https:\/\/saoluiz.uri.br\/wordpress\/wp-content\/uploads\/2019\/04\/9-300x225.jpeg\" class=\"attachment-medium size-medium\" alt=\"\" srcset=\"https:\/\/saoluiz.uri.br\/wordpress\/wp-content\/uploads\/2019\/04\/9-300x225.jpeg 300w, https:\/\/saoluiz.uri.br\/wordpress\/wp-content\/uploads\/2019\/04\/9-768x576.jpeg 768w, https:\/\/saoluiz.uri.br\/wordpress\/wp-content\/uploads\/2019\/04\/9-1024x768.jpeg 1024w, https:\/\/saoluiz.uri.br\/wordpress\/wp-content\/uploads\/2019\/04\/9.jpeg 1280w\" sizes=\"auto, (max-width: 300px) 100vw, 300px\" \/><\/a>\n\t\t\t<\/div><\/figure><figure class='gallery-item'>\n\t\t\t<div class='gallery-icon landscape'>\n\t\t\t\t<a href='https:\/\/saoluiz.uri.br\/wordpress\/index.php\/2019\/04\/30\/pascoa-e-celebrada-pelos-alunos-da-escola-da-uri\/16-8\/'><img loading=\"lazy\" decoding=\"async\" width=\"300\" height=\"225\" src=\"https:\/\/saoluiz.uri.br\/wordpress\/wp-content\/uploads\/2019\/04\/16-300x225.jpeg\" class=\"attachment-medium size-medium\" alt=\"\" srcset=\"https:\/\/saoluiz.uri.br\/wordpress\/wp-content\/uploads\/2019\/04\/16-300x225.jpeg 300w, https:\/\/saoluiz.uri.br\/wordpress\/wp-content\/uploads\/2019\/04\/16-768x576.jpeg 768w, https:\/\/saoluiz.uri.br\/wordpress\/wp-content\/uploads\/2019\/04\/16-1024x768.jpeg 1024w, https:\/\/saoluiz.uri.br\/wordpress\/wp-content\/uploads\/2019\/04\/16.jpeg 1280w\" sizes=\"auto, (max-width: 300px) 100vw, 300px\" \/><\/a>\n\t\t\t<\/div><\/figure><figure class='gallery-item'>\n\t\t\t<div class='gallery-icon landscape'>\n\t\t\t\t<a href='https:\/\/saoluiz.uri.br\/wordpress\/index.php\/2019\/04\/30\/pascoa-e-celebrada-pelos-alunos-da-escola-da-uri\/23-2\/'><img loading=\"lazy\" decoding=\"async\" width=\"300\" height=\"169\" src=\"https:\/\/saoluiz.uri.br\/wordpress\/wp-content\/uploads\/2019\/04\/23-300x169.jpeg\" class=\"attachment-medium size-medium\" alt=\"\" srcset=\"https:\/\/saoluiz.uri.br\/wordpress\/wp-content\/uploads\/2019\/04\/23-300x169.jpeg 300w, https:\/\/saoluiz.uri.br\/wordpress\/wp-content\/uploads\/2019\/04\/23-768x432.jpeg 768w, https:\/\/saoluiz.uri.br\/wordpress\/wp-content\/uploads\/2019\/04\/23-1024x576.jpeg 1024w, https:\/\/saoluiz.uri.br\/wordpress\/wp-content\/uploads\/2019\/04\/23.jpeg 1280w\" sizes=\"auto, (max-width: 300px) 100vw, 300px\" \/><\/a>\n\t\t\t<\/div><\/figure><figure class='gallery-item'>\n\t\t\t<div class='gallery-icon landscape'>\n\t\t\t\t<a href='https:\/\/saoluiz.uri.br\/wordpress\/index.php\/2019\/04\/30\/pascoa-e-celebrada-pelos-alunos-da-escola-da-uri\/13-8\/'><img loading=\"lazy\" decoding=\"async\" width=\"300\" height=\"169\" src=\"https:\/\/saoluiz.uri.br\/wordpress\/wp-content\/uploads\/2019\/04\/13-300x169.jpeg\" class=\"attachment-medium size-medium\" alt=\"\" srcset=\"https:\/\/saoluiz.uri.br\/wordpress\/wp-content\/uploads\/2019\/04\/13-300x169.jpeg 300w, https:\/\/saoluiz.uri.br\/wordpress\/wp-content\/uploads\/2019\/04\/13-768x432.jpeg 768w, https:\/\/saoluiz.uri.br\/wordpress\/wp-content\/uploads\/2019\/04\/13-1024x576.jpeg 1024w, https:\/\/saoluiz.uri.br\/wordpress\/wp-content\/uploads\/2019\/04\/13.jpeg 1280w\" sizes=\"auto, (max-width: 300px) 100vw, 300px\" \/><\/a>\n\t\t\t<\/div><\/figure><figure class='gallery-item'>\n\t\t\t<div class='gallery-icon landscape'>\n\t\t\t\t<a href='https:\/\/saoluiz.uri.br\/wordpress\/index.php\/2019\/04\/30\/pascoa-e-celebrada-pelos-alunos-da-escola-da-uri\/24-2\/'><img loading=\"lazy\" decoding=\"async\" width=\"300\" height=\"169\" src=\"https:\/\/saoluiz.uri.br\/wordpress\/wp-content\/uploads\/2019\/04\/24-300x169.jpeg\" class=\"attachment-medium size-medium\" alt=\"\" srcset=\"https:\/\/saoluiz.uri.br\/wordpress\/wp-content\/uploads\/2019\/04\/24-300x169.jpeg 300w, https:\/\/saoluiz.uri.br\/wordpress\/wp-content\/uploads\/2019\/04\/24-768x432.jpeg 768w, https:\/\/saoluiz.uri.br\/wordpress\/wp-content\/uploads\/2019\/04\/24-1024x576.jpeg 1024w, https:\/\/saoluiz.uri.br\/wordpress\/wp-content\/uploads\/2019\/04\/24.jpeg 1280w\" sizes=\"auto, (max-width: 300px) 100vw, 300px\" \/><\/a>\n\t\t\t<\/div><\/figure><figure class='gallery-item'>\n\t\t\t<div class='gallery-icon landscape'>\n\t\t\t\t<a href='https:\/\/saoluiz.uri.br\/wordpress\/index.php\/2019\/04\/30\/pascoa-e-celebrada-pelos-alunos-da-escola-da-uri\/1-92\/'><img loading=\"lazy\" decoding=\"async\" width=\"300\" height=\"225\" src=\"https:\/\/saoluiz.uri.br\/wordpress\/wp-content\/uploads\/2019\/04\/1-300x225.jpeg\" class=\"attachment-medium size-medium\" alt=\"\" srcset=\"https:\/\/saoluiz.uri.br\/wordpress\/wp-content\/uploads\/2019\/04\/1-300x225.jpeg 300w, https:\/\/saoluiz.uri.br\/wordpress\/wp-content\/uploads\/2019\/04\/1-768x576.jpeg 768w, https:\/\/saoluiz.uri.br\/wordpress\/wp-content\/uploads\/2019\/04\/1-1024x768.jpeg 1024w, https:\/\/saoluiz.uri.br\/wordpress\/wp-content\/uploads\/2019\/04\/1.jpeg 1280w\" sizes=\"auto, (max-width: 300px) 100vw, 300px\" \/><\/a>\n\t\t\t<\/div><\/figure><figure class='gallery-item'>\n\t\t\t<div class='gallery-icon landscape'>\n\t\t\t\t<a href='https:\/\/saoluiz.uri.br\/wordpress\/index.php\/2019\/04\/30\/pascoa-e-celebrada-pelos-alunos-da-escola-da-uri\/8-14\/'><img loading=\"lazy\" decoding=\"async\" width=\"300\" height=\"169\" src=\"https:\/\/saoluiz.uri.br\/wordpress\/wp-content\/uploads\/2019\/04\/8-300x169.jpeg\" class=\"attachment-medium size-medium\" alt=\"\" srcset=\"https:\/\/saoluiz.uri.br\/wordpress\/wp-content\/uploads\/2019\/04\/8-300x169.jpeg 300w, https:\/\/saoluiz.uri.br\/wordpress\/wp-content\/uploads\/2019\/04\/8-768x432.jpeg 768w, https:\/\/saoluiz.uri.br\/wordpress\/wp-content\/uploads\/2019\/04\/8-1024x576.jpeg 1024w, https:\/\/saoluiz.uri.br\/wordpress\/wp-content\/uploads\/2019\/04\/8.jpeg 1280w\" sizes=\"auto, (max-width: 300px) 100vw, 300px\" \/><\/a>\n\t\t\t<\/div><\/figure><figure class='gallery-item'>\n\t\t\t<div class='gallery-icon landscape'>\n\t\t\t\t<a href='https:\/\/saoluiz.uri.br\/wordpress\/index.php\/2019\/04\/30\/pascoa-e-celebrada-pelos-alunos-da-escola-da-uri\/11-10\/'><img loading=\"lazy\" decoding=\"async\" width=\"300\" height=\"169\" src=\"https:\/\/saoluiz.uri.br\/wordpress\/wp-content\/uploads\/2019\/04\/11-300x169.jpeg\" class=\"attachment-medium size-medium\" alt=\"\" srcset=\"https:\/\/saoluiz.uri.br\/wordpress\/wp-content\/uploads\/2019\/04\/11-300x169.jpeg 300w, https:\/\/saoluiz.uri.br\/wordpress\/wp-content\/uploads\/2019\/04\/11-768x432.jpeg 768w, https:\/\/saoluiz.uri.br\/wordpress\/wp-content\/uploads\/2019\/04\/11-1024x576.jpeg 1024w, https:\/\/saoluiz.uri.br\/wordpress\/wp-content\/uploads\/2019\/04\/11.jpeg 1280w\" sizes=\"auto, (max-width: 300px) 100vw, 300px\" \/><\/a>\n\t\t\t<\/div><\/figure><figure class='gallery-item'>\n\t\t\t<div class='gallery-icon landscape'>\n\t\t\t\t<a href='https:\/\/saoluiz.uri.br\/wordpress\/index.php\/2019\/04\/30\/pascoa-e-celebrada-pelos-alunos-da-escola-da-uri\/12-9\/'><img loading=\"lazy\" decoding=\"async\" width=\"300\" height=\"169\" src=\"https:\/\/saoluiz.uri.br\/wordpress\/wp-content\/uploads\/2019\/04\/12-300x169.jpeg\" class=\"attachment-medium size-medium\" alt=\"\" srcset=\"https:\/\/saoluiz.uri.br\/wordpress\/wp-content\/uploads\/2019\/04\/12-300x169.jpeg 300w, https:\/\/saoluiz.uri.br\/wordpress\/wp-content\/uploads\/2019\/04\/12-768x432.jpeg 768w, https:\/\/saoluiz.uri.br\/wordpress\/wp-content\/uploads\/2019\/04\/12-1024x576.jpeg 1024w, https:\/\/saoluiz.uri.br\/wordpress\/wp-content\/uploads\/2019\/04\/12.jpeg 1280w\" sizes=\"auto, (max-width: 300px) 100vw, 300px\" \/><\/a>\n\t\t\t<\/div><\/figure><figure class='gallery-item'>\n\t\t\t<div class='gallery-icon landscape'>\n\t\t\t\t<a href='https:\/\/saoluiz.uri.br\/wordpress\/index.php\/2019\/04\/30\/pascoa-e-celebrada-pelos-alunos-da-escola-da-uri\/14-8\/'><img loading=\"lazy\" decoding=\"async\" width=\"300\" height=\"169\" src=\"https:\/\/saoluiz.uri.br\/wordpress\/wp-content\/uploads\/2019\/04\/14-300x169.jpeg\" class=\"attachment-medium size-medium\" alt=\"\" srcset=\"https:\/\/saoluiz.uri.br\/wordpress\/wp-content\/uploads\/2019\/04\/14-300x169.jpeg 300w, https:\/\/saoluiz.uri.br\/wordpress\/wp-content\/uploads\/2019\/04\/14-768x432.jpeg 768w, https:\/\/saoluiz.uri.br\/wordpress\/wp-content\/uploads\/2019\/04\/14-1024x576.jpeg 1024w, https:\/\/saoluiz.uri.br\/wordpress\/wp-content\/uploads\/2019\/04\/14.jpeg 1280w\" sizes=\"auto, (max-width: 300px) 100vw, 300px\" \/><\/a>\n\t\t\t<\/div><\/figure><figure class='gallery-item'>\n\t\t\t<div class='gallery-icon landscape'>\n\t\t\t\t<a href='https:\/\/saoluiz.uri.br\/wordpress\/index.php\/2019\/04\/30\/pascoa-e-celebrada-pelos-alunos-da-escola-da-uri\/21-3\/'><img loading=\"lazy\" decoding=\"async\" width=\"300\" height=\"169\" src=\"https:\/\/saoluiz.uri.br\/wordpress\/wp-content\/uploads\/2019\/04\/21-300x169.jpeg\" class=\"attachment-medium size-medium\" alt=\"\" srcset=\"https:\/\/saoluiz.uri.br\/wordpress\/wp-content\/uploads\/2019\/04\/21-300x169.jpeg 300w, https:\/\/saoluiz.uri.br\/wordpress\/wp-content\/uploads\/2019\/04\/21-768x432.jpeg 768w, https:\/\/saoluiz.uri.br\/wordpress\/wp-content\/uploads\/2019\/04\/21-1024x576.jpeg 1024w, https:\/\/saoluiz.uri.br\/wordpress\/wp-content\/uploads\/2019\/04\/21.jpeg 1280w\" sizes=\"auto, (max-width: 300px) 100vw, 300px\" \/><\/a>\n\t\t\t<\/div><\/figure><figure class='gallery-item'>\n\t\t\t<div class='gallery-icon landscape'>\n\t\t\t\t<a href='https:\/\/saoluiz.uri.br\/wordpress\/index.php\/2019\/04\/30\/pascoa-e-celebrada-pelos-alunos-da-escola-da-uri\/22-2\/'><img loading=\"lazy\" decoding=\"async\" width=\"300\" height=\"169\" src=\"https:\/\/saoluiz.uri.br\/wordpress\/wp-content\/uploads\/2019\/04\/22-300x169.jpeg\" class=\"attachment-medium size-medium\" alt=\"\" srcset=\"https:\/\/saoluiz.uri.br\/wordpress\/wp-content\/uploads\/2019\/04\/22-300x169.jpeg 300w, https:\/\/saoluiz.uri.br\/wordpress\/wp-content\/uploads\/2019\/04\/22-768x432.jpeg 768w, https:\/\/saoluiz.uri.br\/wordpress\/wp-content\/uploads\/2019\/04\/22-1024x576.jpeg 1024w, https:\/\/saoluiz.uri.br\/wordpress\/wp-content\/uploads\/2019\/04\/22.jpeg 1280w\" sizes=\"auto, (max-width: 300px) 100vw, 300px\" \/><\/a>\n\t\t\t<\/div><\/figure><figure class='gallery-item'>\n\t\t\t<div class='gallery-icon landscape'>\n\t\t\t\t<a href='https:\/\/saoluiz.uri.br\/wordpress\/index.php\/2019\/04\/30\/pascoa-e-celebrada-pelos-alunos-da-escola-da-uri\/4-29\/'><img loading=\"lazy\" decoding=\"async\" width=\"300\" height=\"225\" src=\"https:\/\/saoluiz.uri.br\/wordpress\/wp-content\/uploads\/2019\/04\/4-300x225.jpeg\" class=\"attachment-medium size-medium\" alt=\"\" srcset=\"https:\/\/saoluiz.uri.br\/wordpress\/wp-content\/uploads\/2019\/04\/4-300x225.jpeg 300w, https:\/\/saoluiz.uri.br\/wordpress\/wp-content\/uploads\/2019\/04\/4-768x576.jpeg 768w, https:\/\/saoluiz.uri.br\/wordpress\/wp-content\/uploads\/2019\/04\/4-1024x768.jpeg 1024w, https:\/\/saoluiz.uri.br\/wordpress\/wp-content\/uploads\/2019\/04\/4.jpeg 1280w\" sizes=\"auto, (max-width: 300px) 100vw, 300px\" \/><\/a>\n\t\t\t<\/div><\/figure><figure class='gallery-item'>\n\t\t\t<div class='gallery-icon landscape'>\n\t\t\t\t<a href='https:\/\/saoluiz.uri.br\/wordpress\/index.php\/2019\/04\/30\/pascoa-e-celebrada-pelos-alunos-da-escola-da-uri\/5-25\/'><img loading=\"lazy\" decoding=\"async\" width=\"300\" height=\"225\" src=\"https:\/\/saoluiz.uri.br\/wordpress\/wp-content\/uploads\/2019\/04\/5-300x225.jpeg\" class=\"attachment-medium size-medium\" alt=\"\" srcset=\"https:\/\/saoluiz.uri.br\/wordpress\/wp-content\/uploads\/2019\/04\/5-300x225.jpeg 300w, https:\/\/saoluiz.uri.br\/wordpress\/wp-content\/uploads\/2019\/04\/5-768x576.jpeg 768w, https:\/\/saoluiz.uri.br\/wordpress\/wp-content\/uploads\/2019\/04\/5-1024x768.jpeg 1024w, https:\/\/saoluiz.uri.br\/wordpress\/wp-content\/uploads\/2019\/04\/5.jpeg 1280w\" sizes=\"auto, (max-width: 300px) 100vw, 300px\" \/><\/a>\n\t\t\t<\/div><\/figure><figure class='gallery-item'>\n\t\t\t<div class='gallery-icon landscape'>\n\t\t\t\t<a href='https:\/\/saoluiz.uri.br\/wordpress\/index.php\/2019\/04\/30\/pascoa-e-celebrada-pelos-alunos-da-escola-da-uri\/3-42\/'><img loading=\"lazy\" decoding=\"async\" width=\"300\" height=\"225\" src=\"https:\/\/saoluiz.uri.br\/wordpress\/wp-content\/uploads\/2019\/04\/3-300x225.jpeg\" class=\"attachment-medium size-medium\" alt=\"\" srcset=\"https:\/\/saoluiz.uri.br\/wordpress\/wp-content\/uploads\/2019\/04\/3-300x225.jpeg 300w, https:\/\/saoluiz.uri.br\/wordpress\/wp-content\/uploads\/2019\/04\/3-768x576.jpeg 768w, https:\/\/saoluiz.uri.br\/wordpress\/wp-content\/uploads\/2019\/04\/3-1024x768.jpeg 1024w, https:\/\/saoluiz.uri.br\/wordpress\/wp-content\/uploads\/2019\/04\/3.jpeg 1280w\" sizes=\"auto, (max-width: 300px) 100vw, 300px\" \/><\/a>\n\t\t\t<\/div><\/figure><figure class='gallery-item'>\n\t\t\t<div class='gallery-icon landscape'>\n\t\t\t\t<a href='https:\/\/saoluiz.uri.br\/wordpress\/index.php\/2019\/04\/30\/pascoa-e-celebrada-pelos-alunos-da-escola-da-uri\/10-8\/'><img loading=\"lazy\" decoding=\"async\" width=\"300\" height=\"169\" src=\"https:\/\/saoluiz.uri.br\/wordpress\/wp-content\/uploads\/2019\/04\/10-300x169.jpeg\" class=\"attachment-medium size-medium\" alt=\"\" srcset=\"https:\/\/saoluiz.uri.br\/wordpress\/wp-content\/uploads\/2019\/04\/10-300x169.jpeg 300w, https:\/\/saoluiz.uri.br\/wordpress\/wp-content\/uploads\/2019\/04\/10-768x432.jpeg 768w, https:\/\/saoluiz.uri.br\/wordpress\/wp-content\/uploads\/2019\/04\/10-1024x576.jpeg 1024w, https:\/\/saoluiz.uri.br\/wordpress\/wp-content\/uploads\/2019\/04\/10.jpeg 1280w\" sizes=\"auto, (max-width: 300px) 100vw, 300px\" \/><\/a>\n\t\t\t<\/div><\/figure><figure class='gallery-item'>\n\t\t\t<div class='gallery-icon landscape'>\n\t\t\t\t<a href='https:\/\/saoluiz.uri.br\/wordpress\/index.php\/2019\/04\/30\/pascoa-e-celebrada-pelos-alunos-da-escola-da-uri\/15-8\/'><img loading=\"lazy\" decoding=\"async\" width=\"300\" height=\"169\" src=\"https:\/\/saoluiz.uri.br\/wordpress\/wp-content\/uploads\/2019\/04\/15-300x169.jpeg\" class=\"attachment-medium size-medium\" alt=\"\" srcset=\"https:\/\/saoluiz.uri.br\/wordpress\/wp-content\/uploads\/2019\/04\/15-300x169.jpeg 300w, https:\/\/saoluiz.uri.br\/wordpress\/wp-content\/uploads\/2019\/04\/15-768x432.jpeg 768w, https:\/\/saoluiz.uri.br\/wordpress\/wp-content\/uploads\/2019\/04\/15-1024x576.jpeg 1024w, https:\/\/saoluiz.uri.br\/wordpress\/wp-content\/uploads\/2019\/04\/15.jpeg 1280w\" sizes=\"auto, (max-width: 300px) 100vw, 300px\" \/><\/a>\n\t\t\t<\/div><\/figure><figure class='gallery-item'>\n\t\t\t<div class='gallery-icon portrait'>\n\t\t\t\t<a href='https:\/\/saoluiz.uri.br\/wordpress\/index.php\/2019\/04\/30\/pascoa-e-celebrada-pelos-alunos-da-escola-da-uri\/17-8\/'><img loading=\"lazy\" decoding=\"async\" width=\"225\" height=\"300\" src=\"https:\/\/saoluiz.uri.br\/wordpress\/wp-content\/uploads\/2019\/04\/17-225x300.jpeg\" class=\"attachment-medium size-medium\" alt=\"\" srcset=\"https:\/\/saoluiz.uri.br\/wordpress\/wp-content\/uploads\/2019\/04\/17-225x300.jpeg 225w, https:\/\/saoluiz.uri.br\/wordpress\/wp-content\/uploads\/2019\/04\/17-768x1024.jpeg 768w, https:\/\/saoluiz.uri.br\/wordpress\/wp-content\/uploads\/2019\/04\/17.jpeg 960w\" sizes=\"auto, (max-width: 225px) 100vw, 225px\" \/><\/a>\n\t\t\t<\/div><\/figure><figure class='gallery-item'>\n\t\t\t<div class='gallery-icon portrait'>\n\t\t\t\t<a href='https:\/\/saoluiz.uri.br\/wordpress\/index.php\/2019\/04\/30\/pascoa-e-celebrada-pelos-alunos-da-escola-da-uri\/20-6\/'><img loading=\"lazy\" decoding=\"async\" width=\"225\" height=\"300\" src=\"https:\/\/saoluiz.uri.br\/wordpress\/wp-content\/uploads\/2019\/04\/20-225x300.jpeg\" class=\"attachment-medium size-medium\" alt=\"\" srcset=\"https:\/\/saoluiz.uri.br\/wordpress\/wp-content\/uploads\/2019\/04\/20-225x300.jpeg 225w, https:\/\/saoluiz.uri.br\/wordpress\/wp-content\/uploads\/2019\/04\/20-768x1024.jpeg 768w, https:\/\/saoluiz.uri.br\/wordpress\/wp-content\/uploads\/2019\/04\/20.jpeg 960w\" sizes=\"auto, (max-width: 225px) 100vw, 225px\" \/><\/a>\n\t\t\t<\/div><\/figure><figure class='gallery-item'>\n\t\t\t<div class='gallery-icon landscape'>\n\t\t\t\t<a href='https:\/\/saoluiz.uri.br\/wordpress\/index.php\/2019\/04\/30\/pascoa-e-celebrada-pelos-alunos-da-escola-da-uri\/18-6\/'><img loading=\"lazy\" decoding=\"async\" width=\"300\" height=\"225\" src=\"https:\/\/saoluiz.uri.br\/wordpress\/wp-content\/uploads\/2019\/04\/18-300x225.jpeg\" class=\"attachment-medium size-medium\" alt=\"\" srcset=\"https:\/\/saoluiz.uri.br\/wordpress\/wp-content\/uploads\/2019\/04\/18-300x225.jpeg 300w, https:\/\/saoluiz.uri.br\/wordpress\/wp-content\/uploads\/2019\/04\/18-768x576.jpeg 768w, https:\/\/saoluiz.uri.br\/wordpress\/wp-content\/uploads\/2019\/04\/18-1024x768.jpeg 1024w, https:\/\/saoluiz.uri.br\/wordpress\/wp-content\/uploads\/2019\/04\/18.jpeg 1280w\" sizes=\"auto, (max-width: 300px) 100vw, 300px\" \/><\/a>\n\t\t\t<\/div><\/figure><figure class='gallery-item'>\n\t\t\t<div class='gallery-icon landscape'>\n\t\t\t\t<a href='https:\/\/saoluiz.uri.br\/wordpress\/index.php\/2019\/04\/30\/pascoa-e-celebrada-pelos-alunos-da-escola-da-uri\/2-61\/'><img loading=\"lazy\" decoding=\"async\" width=\"300\" height=\"225\" src=\"https:\/\/saoluiz.uri.br\/wordpress\/wp-content\/uploads\/2019\/04\/2-300x225.jpeg\" class=\"attachment-medium size-medium\" alt=\"\" srcset=\"https:\/\/saoluiz.uri.br\/wordpress\/wp-content\/uploads\/2019\/04\/2-300x225.jpeg 300w, https:\/\/saoluiz.uri.br\/wordpress\/wp-content\/uploads\/2019\/04\/2-768x576.jpeg 768w, https:\/\/saoluiz.uri.br\/wordpress\/wp-content\/uploads\/2019\/04\/2-1024x768.jpeg 1024w, https:\/\/saoluiz.uri.br\/wordpress\/wp-content\/uploads\/2019\/04\/2.jpeg 1280w\" sizes=\"auto, (max-width: 300px) 100vw, 300px\" \/><\/a>\n\t\t\t<\/div><\/figure>\n\t\t<\/div>\n\n","protected":false},"excerpt":{"rendered":"<p>No dia 17\/04\/2019 foi realizada a Celebra\u00e7\u00e3o de P\u00e1scoa com os alunos dos Anos Finais do Ensino Fundamental e Ensino M\u00e9dio. A diretora-geral da URI S\u00e3o Luiz Gonzaga, Dinara Bortoli Tomasi, realizou a abertura do evento falando sobre o verdadeiro sentido da P\u00e1scoa na vida dos crist\u00e3os. Os alunos e professores prepararam com muita alegria [&hellip;]<\/p>\n","protected":false},"author":6,"featured_media":12532,"comment_status":"open","ping_status":"open","sticky":false,"template":"","format":"standard","meta":{"footnotes":""},"categories":[3,5,1],"tags":[97,111,127,45],"class_list":["post-12523","post","type-post","status-publish","format-standard","has-post-thumbnail","hentry","category-destaques","category-escola-basica","category-noticias","tag-escola-basica","tag-escola-da-uri","tag-pascoa","tag-sao-luiz-gonzaga"],"_links":{"self":[{"href":"https:\/\/saoluiz.uri.br\/wordpress\/index.php\/wp-json\/wp\/v2\/posts\/12523","targetHints":{"allow":["GET"]}}],"collection":[{"href":"https:\/\/saoluiz.uri.br\/wordpress\/index.php\/wp-json\/wp\/v2\/posts"}],"about":[{"href":"https:\/\/saoluiz.uri.br\/wordpress\/index.php\/wp-json\/wp\/v2\/types\/post"}],"author":[{"embeddable":true,"href":"https:\/\/saoluiz.uri.br\/wordpress\/index.php\/wp-json\/wp\/v2\/users\/6"}],"replies":[{"embeddable":true,"href":"https:\/\/saoluiz.uri.br\/wordpress\/index.php\/wp-json\/wp\/v2\/comments?post=12523"}],"version-history":[{"count":0,"href":"https:\/\/saoluiz.uri.br\/wordpress\/index.php\/wp-json\/wp\/v2\/posts\/12523\/revisions"}],"wp:featuredmedia":[{"embeddable":true,"href":"https:\/\/saoluiz.uri.br\/wordpress\/index.php\/wp-json\/wp\/v2\/media\/12532"}],"wp:attachment":[{"href":"https:\/\/saoluiz.uri.br\/wordpress\/index.php\/wp-json\/wp\/v2\/media?parent=12523"}],"wp:term":[{"taxonomy":"category","embeddable":true,"href":"https:\/\/saoluiz.uri.br\/wordpress\/index.php\/wp-json\/wp\/v2\/categories?post=12523"},{"taxonomy":"post_tag","embeddable":true,"href":"https:\/\/saoluiz.uri.br\/wordpress\/index.php\/wp-json\/wp\/v2\/tags?post=12523"}],"curies":[{"name":"wp","href":"https:\/\/api.w.org\/{rel}","templated":true}]}}