{"id":12516,"date":"2019-04-30T16:49:24","date_gmt":"2019-04-30T19:49:24","guid":{"rendered":"https:\/\/saoluiz.uri.br\/wordpress\/?p=12516"},"modified":"2019-04-30T16:49:24","modified_gmt":"2019-04-30T19:49:24","slug":"vestibular-da-uri-sao-luiz-gonzaga-esta-com-inscricoes-abertas","status":"publish","type":"post","link":"https:\/\/saoluiz.uri.br\/wordpress\/index.php\/2019\/04\/30\/vestibular-da-uri-sao-luiz-gonzaga-esta-com-inscricoes-abertas\/","title":{"rendered":"Vestibular da URI- S\u00e3o Luiz Gonzaga est\u00e1 com inscri\u00e7\u00f5es abertas"},"content":{"rendered":"<p>O vestibular da URI-S\u00e3o Luiz Gonzaga est\u00e1 com as inscri\u00e7\u00f5es abertas at\u00e9 dia 05 de junho. A inscri\u00e7\u00e3o pode\u00a0ser realizada pelo site: vestibular.uri.br ou com a equipe do vestibular no telefone 55 3352 8150.<\/p>\n<p>Nessa edi\u00e7\u00e3o, ser\u00e3o ofertadas vagas para os cursos de Administra\u00e7\u00e3o, Ci\u00eancias Cont\u00e1beis e Educa\u00e7\u00e3o F\u00edsica. A prova ser\u00e1 realizada no dia 09 de junho \u00e0s 14 horas.<\/p>\n<p>&nbsp;<\/p>\n<p><a href=\"https:\/\/saoluiz.uri.br\/wordpress\/wp-content\/uploads\/2019\/04\/WhatsApp-Image-2019-04-30-at-14.51.20.jpeg\"><img loading=\"lazy\" decoding=\"async\" class=\"alignnone size-large wp-image-12551\" src=\"https:\/\/saoluiz.uri.br\/wordpress\/wp-content\/uploads\/2019\/04\/WhatsApp-Image-2019-04-30-at-14.51.20-928x1024.jpeg\" alt=\"\" width=\"928\" height=\"1024\" srcset=\"https:\/\/saoluiz.uri.br\/wordpress\/wp-content\/uploads\/2019\/04\/WhatsApp-Image-2019-04-30-at-14.51.20-928x1024.jpeg 928w, https:\/\/saoluiz.uri.br\/wordpress\/wp-content\/uploads\/2019\/04\/WhatsApp-Image-2019-04-30-at-14.51.20-272x300.jpeg 272w, https:\/\/saoluiz.uri.br\/wordpress\/wp-content\/uploads\/2019\/04\/WhatsApp-Image-2019-04-30-at-14.51.20-768x847.jpeg 768w, https:\/\/saoluiz.uri.br\/wordpress\/wp-content\/uploads\/2019\/04\/WhatsApp-Image-2019-04-30-at-14.51.20.jpeg 1160w\" sizes=\"auto, (max-width: 928px) 100vw, 928px\" \/><\/a><\/p>\n<p>&nbsp;<\/p>\n<p>&nbsp;<\/p>\n<p>&nbsp;<\/p>\n","protected":false},"excerpt":{"rendered":"<p>O vestibular da URI-S\u00e3o Luiz Gonzaga est\u00e1 com as inscri\u00e7\u00f5es abertas at\u00e9 dia 05 de junho. A inscri\u00e7\u00e3o pode\u00a0ser realizada pelo site: vestibular.uri.br ou com a equipe do vestibular no telefone 55 3352 8150. Nessa edi\u00e7\u00e3o, ser\u00e3o ofertadas vagas para os cursos de Administra\u00e7\u00e3o, Ci\u00eancias Cont\u00e1beis e Educa\u00e7\u00e3o F\u00edsica. A prova ser\u00e1 realizada no dia [&hellip;]<\/p>\n","protected":false},"author":6,"featured_media":12551,"comment_status":"open","ping_status":"open","sticky":false,"template":"","format":"standard","meta":{"footnotes":""},"categories":[3,1],"tags":[],"class_list":["post-12516","post","type-post","status-publish","format-standard","has-post-thumbnail","hentry","category-destaques","category-noticias"],"_links":{"self":[{"href":"https:\/\/saoluiz.uri.br\/wordpress\/index.php\/wp-json\/wp\/v2\/posts\/12516","targetHints":{"allow":["GET"]}}],"collection":[{"href":"https:\/\/saoluiz.uri.br\/wordpress\/index.php\/wp-json\/wp\/v2\/posts"}],"about":[{"href":"https:\/\/saoluiz.uri.br\/wordpress\/index.php\/wp-json\/wp\/v2\/types\/post"}],"author":[{"embeddable":true,"href":"https:\/\/saoluiz.uri.br\/wordpress\/index.php\/wp-json\/wp\/v2\/users\/6"}],"replies":[{"embeddable":true,"href":"https:\/\/saoluiz.uri.br\/wordpress\/index.php\/wp-json\/wp\/v2\/comments?post=12516"}],"version-history":[{"count":0,"href":"https:\/\/saoluiz.uri.br\/wordpress\/index.php\/wp-json\/wp\/v2\/posts\/12516\/revisions"}],"wp:featuredmedia":[{"embeddable":true,"href":"https:\/\/saoluiz.uri.br\/wordpress\/index.php\/wp-json\/wp\/v2\/media\/12551"}],"wp:attachment":[{"href":"https:\/\/saoluiz.uri.br\/wordpress\/index.php\/wp-json\/wp\/v2\/media?parent=12516"}],"wp:term":[{"taxonomy":"category","embeddable":true,"href":"https:\/\/saoluiz.uri.br\/wordpress\/index.php\/wp-json\/wp\/v2\/categories?post=12516"},{"taxonomy":"post_tag","embeddable":true,"href":"https:\/\/saoluiz.uri.br\/wordpress\/index.php\/wp-json\/wp\/v2\/tags?post=12516"}],"curies":[{"name":"wp","href":"https:\/\/api.w.org\/{rel}","templated":true}]}}