{"id":12482,"date":"2019-05-03T16:46:38","date_gmt":"2019-05-03T19:46:38","guid":{"rendered":"https:\/\/saoluiz.uri.br\/wordpress\/?p=12482"},"modified":"2019-05-14T14:44:30","modified_gmt":"2019-05-14T17:44:30","slug":"seminario-de-apresentacao-do-mestrado-em-educacao-da-uri","status":"publish","type":"post","link":"https:\/\/saoluiz.uri.br\/wordpress\/index.php\/2019\/05\/03\/seminario-de-apresentacao-do-mestrado-em-educacao-da-uri\/","title":{"rendered":"Semin\u00e1rio de apresenta\u00e7\u00e3o do Mestrado em Educa\u00e7\u00e3o da URI"},"content":{"rendered":"<p>Na segunda-feira, 20 de maio de 2019, a partir das 19 horas, na URI \u2013 S\u00e3o Luiz Gonzaga, teremos o <strong>SEMIN\u00c1RIO DE APRESENTA\u00c7\u00c3O DO MESTRADO EM EDUCA\u00c7\u00c3O DA URI<\/strong>.<\/p>\n<p>Na oportunidade, a Coordena\u00e7\u00e3o do Programa de P\u00f3s-Gradua\u00e7\u00e3o em Educa\u00e7\u00e3o \u2013 PPGEdu \u2013 da URI Frederico Westphalen, juntamente com representantes do Corpo Docente e profissionais da equipe da URI S\u00e3o Luiz Gonzaga, estar\u00e3o \u00e0 disposi\u00e7\u00e3o dos interessados e da comunidade em geral, para esclarecer d\u00favidas e informar sobre procedimentos para inscri\u00e7\u00e3o, processo seletivo e cronograma das aulas do Mestrado em Educa\u00e7\u00e3o, na URI \u2013 S\u00e3o Luiz Gonzaga.<\/p>\n<p>Este ser\u00e1 um momento significativo n\u00e3o apenas para ampliarmos conhecimentos acerca da forma\u00e7\u00e3o <em>stricto sensu<\/em>, mas, sobretudo, para debatermos sobre temas relevantes em educa\u00e7\u00e3o no cen\u00e1rio contempor\u00e2neo. No evento, ser\u00e3o detalhadas as linhas de pesquisa do PPGEdu:<\/p>\n<p>1 &#8211; Forma\u00e7\u00e3o de Professores, Saberes e Pr\u00e1ticas Educativas;<\/p>\n<p>2 &#8211; Pol\u00edticas P\u00fablicas e Gest\u00e3o de Educa\u00e7\u00e3o;<\/p>\n<p>3 &#8211; Processos Educativos, Linguagens e Tecnologias.<\/p>\n<p>Sendo assim, a comunidade acad\u00eamica poder\u00e1 refletir, em conjunto, sobre possibilidades de pesquisa e estudos aprofundados em cada uma das referidas \u00e1reas. Informa\u00e7\u00f5es adicionais podem ser obtidas pelo telefone (55)3352-8150 ou (55)99613-6091, nos turnos da tarde e da noite.<\/p>\n<p>Lembramos que as inscri\u00e7\u00f5es podem ser efetuadas de 22 de abril a 31 de maio do corrente.<\/p>\n","protected":false},"excerpt":{"rendered":"<p>Na segunda-feira, 20 de maio de 2019, a partir das 19 horas, na URI \u2013 S\u00e3o Luiz Gonzaga, teremos o SEMIN\u00c1RIO DE APRESENTA\u00c7\u00c3O DO MESTRADO EM EDUCA\u00c7\u00c3O DA URI. Na oportunidade, a Coordena\u00e7\u00e3o do Programa de P\u00f3s-Gradua\u00e7\u00e3o em Educa\u00e7\u00e3o \u2013 PPGEdu \u2013 da URI Frederico Westphalen, juntamente com representantes do Corpo Docente e profissionais da [&hellip;]<\/p>\n","protected":false},"author":6,"featured_media":12503,"comment_status":"open","ping_status":"open","sticky":false,"template":"","format":"standard","meta":{"footnotes":""},"categories":[3,1,6],"tags":[122,128,120,129,34,67,63,35],"class_list":["post-12482","post","type-post","status-publish","format-standard","has-post-thumbnail","hentry","category-destaques","category-noticias","category-pos-graduacao","tag-educacao","tag-frederico-westphalen","tag-mestrado","tag-mestrado-em-educacao","tag-uri","tag-uri-sao-luiz","tag-uri-slg","tag-uri-sao-luiz-gonzaga"],"_links":{"self":[{"href":"https:\/\/saoluiz.uri.br\/wordpress\/index.php\/wp-json\/wp\/v2\/posts\/12482","targetHints":{"allow":["GET"]}}],"collection":[{"href":"https:\/\/saoluiz.uri.br\/wordpress\/index.php\/wp-json\/wp\/v2\/posts"}],"about":[{"href":"https:\/\/saoluiz.uri.br\/wordpress\/index.php\/wp-json\/wp\/v2\/types\/post"}],"author":[{"embeddable":true,"href":"https:\/\/saoluiz.uri.br\/wordpress\/index.php\/wp-json\/wp\/v2\/users\/6"}],"replies":[{"embeddable":true,"href":"https:\/\/saoluiz.uri.br\/wordpress\/index.php\/wp-json\/wp\/v2\/comments?post=12482"}],"version-history":[{"count":0,"href":"https:\/\/saoluiz.uri.br\/wordpress\/index.php\/wp-json\/wp\/v2\/posts\/12482\/revisions"}],"wp:featuredmedia":[{"embeddable":true,"href":"https:\/\/saoluiz.uri.br\/wordpress\/index.php\/wp-json\/wp\/v2\/media\/12503"}],"wp:attachment":[{"href":"https:\/\/saoluiz.uri.br\/wordpress\/index.php\/wp-json\/wp\/v2\/media?parent=12482"}],"wp:term":[{"taxonomy":"category","embeddable":true,"href":"https:\/\/saoluiz.uri.br\/wordpress\/index.php\/wp-json\/wp\/v2\/categories?post=12482"},{"taxonomy":"post_tag","embeddable":true,"href":"https:\/\/saoluiz.uri.br\/wordpress\/index.php\/wp-json\/wp\/v2\/tags?post=12482"}],"curies":[{"name":"wp","href":"https:\/\/api.w.org\/{rel}","templated":true}]}}