{"id":12423,"date":"2019-04-16T20:16:17","date_gmt":"2019-04-16T23:16:17","guid":{"rendered":"https:\/\/saoluiz.uri.br\/wordpress\/?p=12423"},"modified":"2019-04-16T20:16:17","modified_gmt":"2019-04-16T23:16:17","slug":"xii-eprocad-debateu-o-ensino-por-competencias-na-area-da-administracao","status":"publish","type":"post","link":"https:\/\/saoluiz.uri.br\/wordpress\/index.php\/2019\/04\/16\/xii-eprocad-debateu-o-ensino-por-competencias-na-area-da-administracao\/","title":{"rendered":"XII EPROCAD debateu o Ensino por Compet\u00eancias na \u00e1rea da Administra\u00e7\u00e3o"},"content":{"rendered":"<p><strong><em>O Ensino por Compet\u00eancias na \u00e1rea da Administra\u00e7\u00e3o: interpreta\u00e7\u00e3o e diretrizes dos cat\u00e1logos da CSTs\u00a0 foi o tema abordado durante os dois dias do XII Encontro de Professores e Coordenadores de Cursos da \u00c1rea da Administra\u00e7\u00e3o (EPROCAD), promovido pela C\u00e2mara de Ensino do CRA-RS e URI- S\u00e3o Luiz Gonzaga, em parceria com o Conselho Federal de Administra\u00e7\u00e3o (CFA) e ANGRAD.<\/em><\/strong><\/p>\n<p><strong><em>\u00a0<\/em><\/strong><\/p>\n<p>A programa\u00e7\u00e3o teve in\u00edcio na noite desta sexta-feira (12) com o IX F\u00f3rum dos Coordenadores, com a tem\u00e1tica sob as compet\u00eancias definidas no \u00e2mbito diretrizes curriculares, com a participa\u00e7\u00e3o do palestrante Adm. Adroaldo Lazzarotto.<\/p>\n<p>A programa\u00e7\u00e3o do EPROCAD tamb\u00e9m contemplou o XI Encontro Estadual da Associa\u00e7\u00e3o Nacional dos Cursos de Gradua\u00e7\u00e3o em Administra\u00e7\u00e3o (ANGRAD), o IX F\u00f3rum de Coordenadores e a entrega do Pr\u00eamio de Doc\u00eancia em Ensino Superior em Administra\u00e7\u00e3o.<\/p>\n<p>Estiveram presentes membros da diretoria do CRA-RS, da C\u00e2mara de ensino de v\u00e1rias regi\u00f5es do estado, coordenadores e professores de Cursos da \u00c1rea da Administra\u00e7\u00e3o.<\/p>\n<p>A programa\u00e7\u00e3o contou com palestras, pain\u00e9is, debates, oficinas, entrega do Pr\u00eamio Doc\u00eancia, confec\u00e7\u00e3o de registros de estudantes e profissionais, programa\u00e7\u00e3o cultural, bem como, a participa\u00e7\u00e3o do \u00faltimo tronco da m\u00fasica missioneira Pedro Orta\u00e7a. Foram realizadas algumas visita\u00e7\u00f5es aos pontos tur\u00edsticos do munic\u00edpio e aprecia\u00e7\u00e3o do espet\u00e1culo Som e Luz nas Ru\u00ednas de S\u00e3o Miguel.<\/p>\n<p>A realiza\u00e7\u00e3o deste importante evento na URI S\u00e3o Luiz Gonzaga vem comprovar a qualidade, credibilidade e crescimento do curso de Administra\u00e7\u00e3o, que a cada ano entrega a comunidade regional profissionais administradores capacitados a realizar a gest\u00e3o nas mais diversas \u00e1reas de neg\u00f3cios empresariais.<\/p>\n<div id='gallery-1' class='gallery galleryid-12423 gallery-columns-3 gallery-size-thumbnail'><figure class='gallery-item'>\n\t\t\t<div class='gallery-icon landscape'>\n\t\t\t\t<a href='https:\/\/saoluiz.uri.br\/wordpress\/index.php\/2019\/04\/16\/xii-eprocad-debateu-o-ensino-por-competencias-na-area-da-administracao\/57540129_2421010707957180_8687033675029676032_o\/'><img loading=\"lazy\" decoding=\"async\" width=\"150\" height=\"150\" src=\"https:\/\/saoluiz.uri.br\/wordpress\/wp-content\/uploads\/2019\/04\/57540129_2421010707957180_8687033675029676032_o-150x150.jpg\" class=\"attachment-thumbnail size-thumbnail\" alt=\"\" \/><\/a>\n\t\t\t<\/div><\/figure><figure class='gallery-item'>\n\t\t\t<div class='gallery-icon landscape'>\n\t\t\t\t<a href='https:\/\/saoluiz.uri.br\/wordpress\/index.php\/2019\/04\/16\/xii-eprocad-debateu-o-ensino-por-competencias-na-area-da-administracao\/57462893_2421010207957230_6862832438737895424_o\/'><img loading=\"lazy\" decoding=\"async\" width=\"150\" height=\"150\" src=\"https:\/\/saoluiz.uri.br\/wordpress\/wp-content\/uploads\/2019\/04\/57462893_2421010207957230_6862832438737895424_o-150x150.jpg\" class=\"attachment-thumbnail size-thumbnail\" alt=\"\" \/><\/a>\n\t\t\t<\/div><\/figure><figure class='gallery-item'>\n\t\t\t<div class='gallery-icon landscape'>\n\t\t\t\t<a href='https:\/\/saoluiz.uri.br\/wordpress\/index.php\/2019\/04\/16\/xii-eprocad-debateu-o-ensino-por-competencias-na-area-da-administracao\/57340987_2421009907957260_6784175949572210688_o\/'><img loading=\"lazy\" decoding=\"async\" width=\"150\" height=\"150\" src=\"https:\/\/saoluiz.uri.br\/wordpress\/wp-content\/uploads\/2019\/04\/57340987_2421009907957260_6784175949572210688_o-150x150.jpg\" class=\"attachment-thumbnail size-thumbnail\" alt=\"\" \/><\/a>\n\t\t\t<\/div><\/figure><figure class='gallery-item'>\n\t\t\t<div class='gallery-icon landscape'>\n\t\t\t\t<a href='https:\/\/saoluiz.uri.br\/wordpress\/index.php\/2019\/04\/16\/xii-eprocad-debateu-o-ensino-por-competencias-na-area-da-administracao\/57326272_2421010754623842_2139999555817570304_n\/'><img loading=\"lazy\" decoding=\"async\" width=\"150\" height=\"150\" src=\"https:\/\/saoluiz.uri.br\/wordpress\/wp-content\/uploads\/2019\/04\/57326272_2421010754623842_2139999555817570304_n-150x150.jpg\" class=\"attachment-thumbnail size-thumbnail\" alt=\"\" \/><\/a>\n\t\t\t<\/div><\/figure><figure class='gallery-item'>\n\t\t\t<div class='gallery-icon landscape'>\n\t\t\t\t<a href='https:\/\/saoluiz.uri.br\/wordpress\/index.php\/2019\/04\/16\/xii-eprocad-debateu-o-ensino-por-competencias-na-area-da-administracao\/57325212_2421010574623860_3702545848224186368_n\/'><img loading=\"lazy\" decoding=\"async\" width=\"150\" height=\"150\" src=\"https:\/\/saoluiz.uri.br\/wordpress\/wp-content\/uploads\/2019\/04\/57325212_2421010574623860_3702545848224186368_n-150x150.jpg\" class=\"attachment-thumbnail size-thumbnail\" alt=\"\" \/><\/a>\n\t\t\t<\/div><\/figure><figure class='gallery-item'>\n\t\t\t<div class='gallery-icon portrait'>\n\t\t\t\t<a href='https:\/\/saoluiz.uri.br\/wordpress\/index.php\/2019\/04\/16\/xii-eprocad-debateu-o-ensino-por-competencias-na-area-da-administracao\/57155019_2421009801290604_1857046633615720448_o\/'><img loading=\"lazy\" decoding=\"async\" width=\"150\" height=\"150\" src=\"https:\/\/saoluiz.uri.br\/wordpress\/wp-content\/uploads\/2019\/04\/57155019_2421009801290604_1857046633615720448_o-150x150.jpg\" class=\"attachment-thumbnail size-thumbnail\" alt=\"\" \/><\/a>\n\t\t\t<\/div><\/figure><figure class='gallery-item'>\n\t\t\t<div class='gallery-icon landscape'>\n\t\t\t\t<a href='https:\/\/saoluiz.uri.br\/wordpress\/index.php\/2019\/04\/16\/xii-eprocad-debateu-o-ensino-por-competencias-na-area-da-administracao\/57155254_2421011417957109_792788337923457024_o\/'><img loading=\"lazy\" decoding=\"async\" width=\"150\" height=\"150\" src=\"https:\/\/saoluiz.uri.br\/wordpress\/wp-content\/uploads\/2019\/04\/57155254_2421011417957109_792788337923457024_o-150x150.jpg\" class=\"attachment-thumbnail size-thumbnail\" alt=\"\" \/><\/a>\n\t\t\t<\/div><\/figure><figure class='gallery-item'>\n\t\t\t<div class='gallery-icon portrait'>\n\t\t\t\t<a href='https:\/\/saoluiz.uri.br\/wordpress\/index.php\/2019\/04\/16\/xii-eprocad-debateu-o-ensino-por-competencias-na-area-da-administracao\/57160056_2421010411290543_5979836271336357888_o\/'><img loading=\"lazy\" decoding=\"async\" width=\"150\" height=\"150\" src=\"https:\/\/saoluiz.uri.br\/wordpress\/wp-content\/uploads\/2019\/04\/57160056_2421010411290543_5979836271336357888_o-150x150.jpg\" class=\"attachment-thumbnail size-thumbnail\" alt=\"\" \/><\/a>\n\t\t\t<\/div><\/figure><figure class='gallery-item'>\n\t\t\t<div class='gallery-icon portrait'>\n\t\t\t\t<a href='https:\/\/saoluiz.uri.br\/wordpress\/index.php\/2019\/04\/16\/xii-eprocad-debateu-o-ensino-por-competencias-na-area-da-administracao\/57232108_2421010097957241_2160853477465522176_o\/'><img loading=\"lazy\" decoding=\"async\" width=\"150\" height=\"150\" src=\"https:\/\/saoluiz.uri.br\/wordpress\/wp-content\/uploads\/2019\/04\/57232108_2421010097957241_2160853477465522176_o-150x150.jpg\" class=\"attachment-thumbnail size-thumbnail\" alt=\"\" \/><\/a>\n\t\t\t<\/div><\/figure><figure class='gallery-item'>\n\t\t\t<div class='gallery-icon portrait'>\n\t\t\t\t<a href='https:\/\/saoluiz.uri.br\/wordpress\/index.php\/2019\/04\/16\/xii-eprocad-debateu-o-ensino-por-competencias-na-area-da-administracao\/57262731_2421009951290589_5615678123296161792_o\/'><img loading=\"lazy\" decoding=\"async\" width=\"150\" height=\"150\" src=\"https:\/\/saoluiz.uri.br\/wordpress\/wp-content\/uploads\/2019\/04\/57262731_2421009951290589_5615678123296161792_o-150x150.jpg\" class=\"attachment-thumbnail size-thumbnail\" alt=\"\" \/><\/a>\n\t\t\t<\/div><\/figure><figure class='gallery-item'>\n\t\t\t<div class='gallery-icon landscape'>\n\t\t\t\t<a href='https:\/\/saoluiz.uri.br\/wordpress\/index.php\/2019\/04\/16\/xii-eprocad-debateu-o-ensino-por-competencias-na-area-da-administracao\/57106708_2421010427957208_2788650766972223488_n\/'><img loading=\"lazy\" decoding=\"async\" width=\"150\" height=\"150\" src=\"https:\/\/saoluiz.uri.br\/wordpress\/wp-content\/uploads\/2019\/04\/57106708_2421010427957208_2788650766972223488_n-150x150.jpg\" class=\"attachment-thumbnail size-thumbnail\" alt=\"\" \/><\/a>\n\t\t\t<\/div><\/figure><figure class='gallery-item'>\n\t\t\t<div class='gallery-icon landscape'>\n\t\t\t\t<a href='https:\/\/saoluiz.uri.br\/wordpress\/index.php\/2019\/04\/16\/xii-eprocad-debateu-o-ensino-por-competencias-na-area-da-administracao\/57113150_2421010974623820_4608794272781565952_o\/'><img loading=\"lazy\" decoding=\"async\" width=\"150\" height=\"150\" src=\"https:\/\/saoluiz.uri.br\/wordpress\/wp-content\/uploads\/2019\/04\/57113150_2421010974623820_4608794272781565952_o-150x150.jpg\" class=\"attachment-thumbnail size-thumbnail\" alt=\"\" \/><\/a>\n\t\t\t<\/div><\/figure><figure class='gallery-item'>\n\t\t\t<div class='gallery-icon landscape'>\n\t\t\t\t<a href='https:\/\/saoluiz.uri.br\/wordpress\/index.php\/2019\/04\/16\/xii-eprocad-debateu-o-ensino-por-competencias-na-area-da-administracao\/57114857_2421010651290519_2676594795341676544_o\/'><img loading=\"lazy\" decoding=\"async\" width=\"150\" height=\"150\" src=\"https:\/\/saoluiz.uri.br\/wordpress\/wp-content\/uploads\/2019\/04\/57114857_2421010651290519_2676594795341676544_o-150x150.jpg\" class=\"attachment-thumbnail size-thumbnail\" alt=\"\" \/><\/a>\n\t\t\t<\/div><\/figure><figure class='gallery-item'>\n\t\t\t<div class='gallery-icon landscape'>\n\t\t\t\t<a href='https:\/\/saoluiz.uri.br\/wordpress\/index.php\/2019\/04\/16\/xii-eprocad-debateu-o-ensino-por-competencias-na-area-da-administracao\/57133731_2421010787957172_3490301071400632320_o\/'><img loading=\"lazy\" decoding=\"async\" width=\"150\" height=\"150\" src=\"https:\/\/saoluiz.uri.br\/wordpress\/wp-content\/uploads\/2019\/04\/57133731_2421010787957172_3490301071400632320_o-150x150.jpg\" class=\"attachment-thumbnail size-thumbnail\" alt=\"\" \/><\/a>\n\t\t\t<\/div><\/figure><figure class='gallery-item'>\n\t\t\t<div class='gallery-icon landscape'>\n\t\t\t\t<a href='https:\/\/saoluiz.uri.br\/wordpress\/index.php\/2019\/04\/16\/xii-eprocad-debateu-o-ensino-por-competencias-na-area-da-administracao\/57109770_2421010734623844_5174382577368170496_n\/'><img loading=\"lazy\" decoding=\"async\" width=\"150\" height=\"150\" src=\"https:\/\/saoluiz.uri.br\/wordpress\/wp-content\/uploads\/2019\/04\/57109770_2421010734623844_5174382577368170496_n-150x150.jpg\" class=\"attachment-thumbnail size-thumbnail\" alt=\"\" \/><\/a>\n\t\t\t<\/div><\/figure><figure class='gallery-item'>\n\t\t\t<div class='gallery-icon portrait'>\n\t\t\t\t<a href='https:\/\/saoluiz.uri.br\/wordpress\/index.php\/2019\/04\/16\/xii-eprocad-debateu-o-ensino-por-competencias-na-area-da-administracao\/56971086_2421010114623906_6464054998866067456_o\/'><img loading=\"lazy\" decoding=\"async\" width=\"150\" height=\"150\" src=\"https:\/\/saoluiz.uri.br\/wordpress\/wp-content\/uploads\/2019\/04\/56971086_2421010114623906_6464054998866067456_o-150x150.jpg\" class=\"attachment-thumbnail size-thumbnail\" alt=\"\" \/><\/a>\n\t\t\t<\/div><\/figure><figure class='gallery-item'>\n\t\t\t<div class='gallery-icon portrait'>\n\t\t\t\t<a href='https:\/\/saoluiz.uri.br\/wordpress\/index.php\/2019\/04\/16\/xii-eprocad-debateu-o-ensino-por-competencias-na-area-da-administracao\/56968322_2421010234623894_1558167019197562880_o\/'><img loading=\"lazy\" decoding=\"async\" width=\"150\" height=\"150\" src=\"https:\/\/saoluiz.uri.br\/wordpress\/wp-content\/uploads\/2019\/04\/56968322_2421010234623894_1558167019197562880_o-150x150.jpg\" class=\"attachment-thumbnail size-thumbnail\" alt=\"\" \/><\/a>\n\t\t\t<\/div><\/figure><figure class='gallery-item'>\n\t\t\t<div class='gallery-icon landscape'>\n\t\t\t\t<a href='https:\/\/saoluiz.uri.br\/wordpress\/index.php\/2019\/04\/16\/xii-eprocad-debateu-o-ensino-por-competencias-na-area-da-administracao\/56993964_2421011634623754_6063171577615220736_o\/'><img loading=\"lazy\" decoding=\"async\" width=\"150\" height=\"150\" src=\"https:\/\/saoluiz.uri.br\/wordpress\/wp-content\/uploads\/2019\/04\/56993964_2421011634623754_6063171577615220736_o-150x150.jpg\" class=\"attachment-thumbnail size-thumbnail\" alt=\"\" \/><\/a>\n\t\t\t<\/div><\/figure><figure class='gallery-item'>\n\t\t\t<div class='gallery-icon portrait'>\n\t\t\t\t<a href='https:\/\/saoluiz.uri.br\/wordpress\/index.php\/2019\/04\/16\/xii-eprocad-debateu-o-ensino-por-competencias-na-area-da-administracao\/56997608_2421009787957272_5028544720859561984_o\/'><img loading=\"lazy\" decoding=\"async\" width=\"150\" height=\"150\" src=\"https:\/\/saoluiz.uri.br\/wordpress\/wp-content\/uploads\/2019\/04\/56997608_2421009787957272_5028544720859561984_o-150x150.jpg\" class=\"attachment-thumbnail size-thumbnail\" alt=\"\" \/><\/a>\n\t\t\t<\/div><\/figure><figure class='gallery-item'>\n\t\t\t<div class='gallery-icon landscape'>\n\t\t\t\t<a href='https:\/\/saoluiz.uri.br\/wordpress\/index.php\/2019\/04\/16\/xii-eprocad-debateu-o-ensino-por-competencias-na-area-da-administracao\/57004918_2421011624623755_1626978193485332480_n\/'><img loading=\"lazy\" decoding=\"async\" width=\"150\" height=\"150\" src=\"https:\/\/saoluiz.uri.br\/wordpress\/wp-content\/uploads\/2019\/04\/57004918_2421011624623755_1626978193485332480_n-150x150.jpg\" class=\"attachment-thumbnail size-thumbnail\" alt=\"\" \/><\/a>\n\t\t\t<\/div><\/figure><figure class='gallery-item'>\n\t\t\t<div class='gallery-icon landscape'>\n\t\t\t\t<a href='https:\/\/saoluiz.uri.br\/wordpress\/index.php\/2019\/04\/16\/xii-eprocad-debateu-o-ensino-por-competencias-na-area-da-administracao\/56907807_2421010344623883_3848831691296604160_o\/'><img loading=\"lazy\" decoding=\"async\" width=\"150\" height=\"150\" src=\"https:\/\/saoluiz.uri.br\/wordpress\/wp-content\/uploads\/2019\/04\/56907807_2421010344623883_3848831691296604160_o-150x150.jpg\" class=\"attachment-thumbnail size-thumbnail\" alt=\"\" \/><\/a>\n\t\t\t<\/div><\/figure>\n\t\t<\/div>\n\n","protected":false},"excerpt":{"rendered":"<p>O Ensino por Compet\u00eancias na \u00e1rea da Administra\u00e7\u00e3o: interpreta\u00e7\u00e3o e diretrizes dos cat\u00e1logos da CSTs\u00a0 foi o tema abordado durante os dois dias do XII Encontro de Professores e Coordenadores de Cursos da \u00c1rea da Administra\u00e7\u00e3o (EPROCAD), promovido pela C\u00e2mara de Ensino do CRA-RS e URI- S\u00e3o Luiz Gonzaga, em parceria com o Conselho Federal [&hellip;]<\/p>\n","protected":false},"author":6,"featured_media":12437,"comment_status":"open","ping_status":"open","sticky":false,"template":"","format":"standard","meta":{"footnotes":""},"categories":[3,13,4,1],"tags":[50,124,45,34,35,125],"class_list":["post-12423","post","type-post","status-publish","format-standard","has-post-thumbnail","hentry","category-destaques","category-administracao","category-graduacao","category-noticias","tag-administracao","tag-eprocad","tag-sao-luiz-gonzaga","tag-uri","tag-uri-sao-luiz-gonzaga","tag-xii-eprocad"],"_links":{"self":[{"href":"https:\/\/saoluiz.uri.br\/wordpress\/index.php\/wp-json\/wp\/v2\/posts\/12423","targetHints":{"allow":["GET"]}}],"collection":[{"href":"https:\/\/saoluiz.uri.br\/wordpress\/index.php\/wp-json\/wp\/v2\/posts"}],"about":[{"href":"https:\/\/saoluiz.uri.br\/wordpress\/index.php\/wp-json\/wp\/v2\/types\/post"}],"author":[{"embeddable":true,"href":"https:\/\/saoluiz.uri.br\/wordpress\/index.php\/wp-json\/wp\/v2\/users\/6"}],"replies":[{"embeddable":true,"href":"https:\/\/saoluiz.uri.br\/wordpress\/index.php\/wp-json\/wp\/v2\/comments?post=12423"}],"version-history":[{"count":0,"href":"https:\/\/saoluiz.uri.br\/wordpress\/index.php\/wp-json\/wp\/v2\/posts\/12423\/revisions"}],"wp:featuredmedia":[{"embeddable":true,"href":"https:\/\/saoluiz.uri.br\/wordpress\/index.php\/wp-json\/wp\/v2\/media\/12437"}],"wp:attachment":[{"href":"https:\/\/saoluiz.uri.br\/wordpress\/index.php\/wp-json\/wp\/v2\/media?parent=12423"}],"wp:term":[{"taxonomy":"category","embeddable":true,"href":"https:\/\/saoluiz.uri.br\/wordpress\/index.php\/wp-json\/wp\/v2\/categories?post=12423"},{"taxonomy":"post_tag","embeddable":true,"href":"https:\/\/saoluiz.uri.br\/wordpress\/index.php\/wp-json\/wp\/v2\/tags?post=12423"}],"curies":[{"name":"wp","href":"https:\/\/api.w.org\/{rel}","templated":true}]}}