{"id":12218,"date":"2019-03-25T14:35:44","date_gmt":"2019-03-25T17:35:44","guid":{"rendered":"https:\/\/saoluiz.uri.br\/wordpress\/?p=12218"},"modified":"2019-04-01T13:59:58","modified_gmt":"2019-04-01T16:59:58","slug":"uri-sao-luiz-gonzaga-participou-da-solenidade-de-42-anos-da-instalacao-da-subsecao-da-oab-de-sao-luiz-gonzaga-santo-antonio-das-missoes","status":"publish","type":"post","link":"https:\/\/saoluiz.uri.br\/wordpress\/index.php\/2019\/03\/25\/uri-sao-luiz-gonzaga-participou-da-solenidade-de-42-anos-da-instalacao-da-subsecao-da-oab-de-sao-luiz-gonzaga-santo-antonio-das-missoes\/","title":{"rendered":"URI &#8211; S\u00e3o Luiz Gonzaga participou da solenidade de 42 anos da instala\u00e7\u00e3o da Subse\u00e7\u00e3o da OAB de S\u00e3o Luiz Gonzaga\/Santo Ant\u00f4nio das Miss\u00f5es"},"content":{"rendered":"<div dir=\"auto\">A URI &#8211; S\u00e3o Luiz Gonzaga, representada pela Diretora Acad\u00eamica, Renata Barth Machado, pela Coordenadora do Curso de Direito, Cristiane Azambuja e pela Coordenadora do N\u00facleo de Pr\u00e1tica Jur\u00eddica, Juliana Bedin Grando, esteve presente na solenidade que comemorou os 42 anos da instala\u00e7\u00e3o da Subse\u00e7\u00e3o da OAB de S\u00e3o Luiz Gonzaga\/Santo Ant\u00f4nio das Miss\u00f5es e que homenageou a ex-presidente, Dra. Neiva Ojopi, com o descerramento de sua placa.<\/div>\n<div dir=\"auto\">O evento contou com a presen\u00e7a de diversos advogados, dentre os quais o atual presidente da Subse\u00e7\u00e3o, Dr. Lucas Adams Wesz, de representantes dos poderes Executivo e Legislativo, de familiares e amigos da homenageada e da imprensa.<\/div>\n<div dir=\"auto\">Parabenizamos a OAB &#8211; S\u00e3o Luiz Gonzaga\/Santo Ant\u00f4nio das Miss\u00f5es &#8211; e a Dra. Neiva, pela excel\u00eancia do trabalho realizado ao representar os advogados desta hist\u00f3rica regi\u00e3o missioneira.<a href=\"https:\/\/saoluiz.uri.br\/wordpress\/wp-content\/uploads\/2019\/03\/20190325_133748-1.jpg\"><img loading=\"lazy\" decoding=\"async\" class=\"alignnone size-full wp-image-12221\" src=\"https:\/\/saoluiz.uri.br\/wordpress\/wp-content\/uploads\/2019\/03\/20190325_133748-1.jpg\" alt=\"\" width=\"720\" height=\"540\" srcset=\"https:\/\/saoluiz.uri.br\/wordpress\/wp-content\/uploads\/2019\/03\/20190325_133748-1.jpg 720w, https:\/\/saoluiz.uri.br\/wordpress\/wp-content\/uploads\/2019\/03\/20190325_133748-1-300x225.jpg 300w\" sizes=\"auto, (max-width: 720px) 100vw, 720px\" \/><\/a> <a href=\"https:\/\/saoluiz.uri.br\/wordpress\/wp-content\/uploads\/2019\/03\/20190325_133803.jpg\"><img loading=\"lazy\" decoding=\"async\" class=\"alignnone size-large wp-image-12222\" src=\"https:\/\/saoluiz.uri.br\/wordpress\/wp-content\/uploads\/2019\/03\/20190325_133803.jpg\" alt=\"\" width=\"720\" height=\"540\" srcset=\"https:\/\/saoluiz.uri.br\/wordpress\/wp-content\/uploads\/2019\/03\/20190325_133803.jpg 720w, https:\/\/saoluiz.uri.br\/wordpress\/wp-content\/uploads\/2019\/03\/20190325_133803-300x225.jpg 300w\" sizes=\"auto, (max-width: 720px) 100vw, 720px\" \/><\/a> <a href=\"https:\/\/saoluiz.uri.br\/wordpress\/wp-content\/uploads\/2019\/03\/20190325_133735-1.jpg\"><img loading=\"lazy\" decoding=\"async\" class=\"alignnone size-full wp-image-12223\" src=\"https:\/\/saoluiz.uri.br\/wordpress\/wp-content\/uploads\/2019\/03\/20190325_133735-1.jpg\" alt=\"\" width=\"719\" height=\"532\" srcset=\"https:\/\/saoluiz.uri.br\/wordpress\/wp-content\/uploads\/2019\/03\/20190325_133735-1.jpg 719w, https:\/\/saoluiz.uri.br\/wordpress\/wp-content\/uploads\/2019\/03\/20190325_133735-1-300x222.jpg 300w\" sizes=\"auto, (max-width: 719px) 100vw, 719px\" \/><\/a><\/div>\n","protected":false},"excerpt":{"rendered":"<p>A URI &#8211; S\u00e3o Luiz Gonzaga, representada pela Diretora Acad\u00eamica, Renata Barth Machado, pela Coordenadora do Curso de Direito, Cristiane Azambuja e pela Coordenadora do N\u00facleo de Pr\u00e1tica Jur\u00eddica, Juliana Bedin Grando, esteve presente na solenidade que comemorou os 42 anos da instala\u00e7\u00e3o da Subse\u00e7\u00e3o da OAB de S\u00e3o Luiz Gonzaga\/Santo Ant\u00f4nio das Miss\u00f5es e [&hellip;]<\/p>\n","protected":false},"author":6,"featured_media":12221,"comment_status":"open","ping_status":"open","sticky":false,"template":"","format":"standard","meta":{"footnotes":""},"categories":[3,1],"tags":[],"class_list":["post-12218","post","type-post","status-publish","format-standard","has-post-thumbnail","hentry","category-destaques","category-noticias"],"_links":{"self":[{"href":"https:\/\/saoluiz.uri.br\/wordpress\/index.php\/wp-json\/wp\/v2\/posts\/12218","targetHints":{"allow":["GET"]}}],"collection":[{"href":"https:\/\/saoluiz.uri.br\/wordpress\/index.php\/wp-json\/wp\/v2\/posts"}],"about":[{"href":"https:\/\/saoluiz.uri.br\/wordpress\/index.php\/wp-json\/wp\/v2\/types\/post"}],"author":[{"embeddable":true,"href":"https:\/\/saoluiz.uri.br\/wordpress\/index.php\/wp-json\/wp\/v2\/users\/6"}],"replies":[{"embeddable":true,"href":"https:\/\/saoluiz.uri.br\/wordpress\/index.php\/wp-json\/wp\/v2\/comments?post=12218"}],"version-history":[{"count":0,"href":"https:\/\/saoluiz.uri.br\/wordpress\/index.php\/wp-json\/wp\/v2\/posts\/12218\/revisions"}],"wp:featuredmedia":[{"embeddable":true,"href":"https:\/\/saoluiz.uri.br\/wordpress\/index.php\/wp-json\/wp\/v2\/media\/12221"}],"wp:attachment":[{"href":"https:\/\/saoluiz.uri.br\/wordpress\/index.php\/wp-json\/wp\/v2\/media?parent=12218"}],"wp:term":[{"taxonomy":"category","embeddable":true,"href":"https:\/\/saoluiz.uri.br\/wordpress\/index.php\/wp-json\/wp\/v2\/categories?post=12218"},{"taxonomy":"post_tag","embeddable":true,"href":"https:\/\/saoluiz.uri.br\/wordpress\/index.php\/wp-json\/wp\/v2\/tags?post=12218"}],"curies":[{"name":"wp","href":"https:\/\/api.w.org\/{rel}","templated":true}]}}