{"id":12217,"date":"2019-03-25T14:41:30","date_gmt":"2019-03-25T17:41:30","guid":{"rendered":"https:\/\/saoluiz.uri.br\/wordpress\/?p=12217"},"modified":"2019-04-01T13:59:58","modified_gmt":"2019-04-01T16:59:58","slug":"alunos-da-escola-de-educacao-basica-da-uri-realizam-visitas-no-centro-da-cidade-de-sao-luiz-gonzaga","status":"publish","type":"post","link":"https:\/\/saoluiz.uri.br\/wordpress\/index.php\/2019\/03\/25\/alunos-da-escola-de-educacao-basica-da-uri-realizam-visitas-no-centro-da-cidade-de-sao-luiz-gonzaga\/","title":{"rendered":"Alunos da Escola de Educa\u00e7\u00e3o B\u00e1sica da URI realizam visitas no centro da cidade de S\u00e3o Luiz Gonzaga"},"content":{"rendered":"<p>Na sexta-feira, dia 15 de mar\u00e7o, os alunos da turma do 6\u00ba Ano dos Anos Finais do Ensino Fundamental da Escola de Educa\u00e7\u00e3o B\u00e1sica da URI &#8211; S\u00e3o Luiz Gonzaga realizaram visitas na Pra\u00e7a Central, Igreja Matriz, Instituto Hist\u00f3rico e Geogr\u00e1fico (exposi\u00e7\u00e3o de fotos antigas x atuais), Pra\u00e7a C\u00edcero Cavalheiro e Museu Arqueol\u00f3gico.<\/p>\n<p>As visitas tinham como intuito observar as modifica\u00e7\u00f5es ao longo do tempo, bem como aprofundar os demais conceitos estudados, tais como: paisagem, lugar, regi\u00e3o, territ\u00f3rio e espa\u00e7o geogr\u00e1fico.<\/p>\n<p>Os alunos foram acompanhados pela professora da disciplina de Geografia, Mariza Klein Ditz e do professor da disciplina de Hist\u00f3ria, Anderson Iura Amaral Schmitz durante a visita ao Instituto Hist\u00f3rico.<\/p>\n<div id='gallery-1' class='gallery galleryid-12217 gallery-columns-3 gallery-size-thumbnail'><figure class='gallery-item'>\n\t\t\t<div class='gallery-icon landscape'>\n\t\t\t\t<a href='https:\/\/saoluiz.uri.br\/wordpress\/index.php\/2019\/03\/25\/alunos-da-escola-de-educacao-basica-da-uri-realizam-visitas-no-centro-da-cidade-de-sao-luiz-gonzaga\/1-86\/'><img loading=\"lazy\" decoding=\"async\" width=\"150\" height=\"150\" src=\"https:\/\/saoluiz.uri.br\/wordpress\/wp-content\/uploads\/2019\/03\/1-150x150.jpeg\" class=\"attachment-thumbnail size-thumbnail\" alt=\"\" \/><\/a>\n\t\t\t<\/div><\/figure><figure class='gallery-item'>\n\t\t\t<div class='gallery-icon landscape'>\n\t\t\t\t<a href='https:\/\/saoluiz.uri.br\/wordpress\/index.php\/2019\/03\/25\/alunos-da-escola-de-educacao-basica-da-uri-realizam-visitas-no-centro-da-cidade-de-sao-luiz-gonzaga\/2-55\/'><img loading=\"lazy\" decoding=\"async\" width=\"150\" height=\"150\" src=\"https:\/\/saoluiz.uri.br\/wordpress\/wp-content\/uploads\/2019\/03\/2-150x150.jpeg\" class=\"attachment-thumbnail size-thumbnail\" alt=\"\" \/><\/a>\n\t\t\t<\/div><\/figure><figure class='gallery-item'>\n\t\t\t<div class='gallery-icon landscape'>\n\t\t\t\t<a href='https:\/\/saoluiz.uri.br\/wordpress\/index.php\/2019\/03\/25\/alunos-da-escola-de-educacao-basica-da-uri-realizam-visitas-no-centro-da-cidade-de-sao-luiz-gonzaga\/3-37\/'><img loading=\"lazy\" decoding=\"async\" width=\"150\" height=\"150\" src=\"https:\/\/saoluiz.uri.br\/wordpress\/wp-content\/uploads\/2019\/03\/3-150x150.jpeg\" class=\"attachment-thumbnail size-thumbnail\" alt=\"\" \/><\/a>\n\t\t\t<\/div><\/figure><figure class='gallery-item'>\n\t\t\t<div class='gallery-icon portrait'>\n\t\t\t\t<a href='https:\/\/saoluiz.uri.br\/wordpress\/index.php\/2019\/03\/25\/alunos-da-escola-de-educacao-basica-da-uri-realizam-visitas-no-centro-da-cidade-de-sao-luiz-gonzaga\/4-24\/'><img loading=\"lazy\" decoding=\"async\" width=\"150\" height=\"150\" src=\"https:\/\/saoluiz.uri.br\/wordpress\/wp-content\/uploads\/2019\/03\/4-150x150.jpeg\" class=\"attachment-thumbnail size-thumbnail\" alt=\"\" \/><\/a>\n\t\t\t<\/div><\/figure><figure class='gallery-item'>\n\t\t\t<div class='gallery-icon landscape'>\n\t\t\t\t<a href='https:\/\/saoluiz.uri.br\/wordpress\/index.php\/2019\/03\/25\/alunos-da-escola-de-educacao-basica-da-uri-realizam-visitas-no-centro-da-cidade-de-sao-luiz-gonzaga\/5-20\/'><img loading=\"lazy\" decoding=\"async\" width=\"150\" height=\"150\" src=\"https:\/\/saoluiz.uri.br\/wordpress\/wp-content\/uploads\/2019\/03\/5-150x150.jpeg\" class=\"attachment-thumbnail size-thumbnail\" alt=\"\" \/><\/a>\n\t\t\t<\/div><\/figure><figure class='gallery-item'>\n\t\t\t<div class='gallery-icon portrait'>\n\t\t\t\t<a href='https:\/\/saoluiz.uri.br\/wordpress\/index.php\/2019\/03\/25\/alunos-da-escola-de-educacao-basica-da-uri-realizam-visitas-no-centro-da-cidade-de-sao-luiz-gonzaga\/6-15\/'><img loading=\"lazy\" decoding=\"async\" width=\"150\" height=\"150\" src=\"https:\/\/saoluiz.uri.br\/wordpress\/wp-content\/uploads\/2019\/03\/6-150x150.jpeg\" class=\"attachment-thumbnail size-thumbnail\" alt=\"\" \/><\/a>\n\t\t\t<\/div><\/figure><figure class='gallery-item'>\n\t\t\t<div class='gallery-icon landscape'>\n\t\t\t\t<a href='https:\/\/saoluiz.uri.br\/wordpress\/index.php\/2019\/03\/25\/alunos-da-escola-de-educacao-basica-da-uri-realizam-visitas-no-centro-da-cidade-de-sao-luiz-gonzaga\/7-10\/'><img loading=\"lazy\" decoding=\"async\" width=\"150\" height=\"150\" src=\"https:\/\/saoluiz.uri.br\/wordpress\/wp-content\/uploads\/2019\/03\/7-150x150.jpeg\" class=\"attachment-thumbnail size-thumbnail\" alt=\"\" \/><\/a>\n\t\t\t<\/div><\/figure><figure class='gallery-item'>\n\t\t\t<div class='gallery-icon portrait'>\n\t\t\t\t<a href='https:\/\/saoluiz.uri.br\/wordpress\/index.php\/2019\/03\/25\/alunos-da-escola-de-educacao-basica-da-uri-realizam-visitas-no-centro-da-cidade-de-sao-luiz-gonzaga\/8-10\/'><img loading=\"lazy\" decoding=\"async\" width=\"150\" height=\"150\" src=\"https:\/\/saoluiz.uri.br\/wordpress\/wp-content\/uploads\/2019\/03\/8-150x150.jpeg\" class=\"attachment-thumbnail size-thumbnail\" alt=\"\" \/><\/a>\n\t\t\t<\/div><\/figure><figure class='gallery-item'>\n\t\t\t<div class='gallery-icon landscape'>\n\t\t\t\t<a href='https:\/\/saoluiz.uri.br\/wordpress\/index.php\/2019\/03\/25\/alunos-da-escola-de-educacao-basica-da-uri-realizam-visitas-no-centro-da-cidade-de-sao-luiz-gonzaga\/9-6\/'><img loading=\"lazy\" decoding=\"async\" width=\"150\" height=\"150\" src=\"https:\/\/saoluiz.uri.br\/wordpress\/wp-content\/uploads\/2019\/03\/9-150x150.jpeg\" class=\"attachment-thumbnail size-thumbnail\" alt=\"\" \/><\/a>\n\t\t\t<\/div><\/figure><figure class='gallery-item'>\n\t\t\t<div class='gallery-icon landscape'>\n\t\t\t\t<a href='https:\/\/saoluiz.uri.br\/wordpress\/index.php\/2019\/03\/25\/alunos-da-escola-de-educacao-basica-da-uri-realizam-visitas-no-centro-da-cidade-de-sao-luiz-gonzaga\/10-5\/'><img loading=\"lazy\" decoding=\"async\" width=\"150\" height=\"150\" src=\"https:\/\/saoluiz.uri.br\/wordpress\/wp-content\/uploads\/2019\/03\/10-150x150.jpeg\" class=\"attachment-thumbnail size-thumbnail\" alt=\"\" \/><\/a>\n\t\t\t<\/div><\/figure><figure class='gallery-item'>\n\t\t\t<div class='gallery-icon portrait'>\n\t\t\t\t<a href='https:\/\/saoluiz.uri.br\/wordpress\/index.php\/2019\/03\/25\/alunos-da-escola-de-educacao-basica-da-uri-realizam-visitas-no-centro-da-cidade-de-sao-luiz-gonzaga\/11-8\/'><img loading=\"lazy\" decoding=\"async\" width=\"150\" height=\"150\" src=\"https:\/\/saoluiz.uri.br\/wordpress\/wp-content\/uploads\/2019\/03\/11-150x150.jpeg\" class=\"attachment-thumbnail size-thumbnail\" alt=\"\" \/><\/a>\n\t\t\t<\/div><\/figure><figure class='gallery-item'>\n\t\t\t<div class='gallery-icon landscape'>\n\t\t\t\t<a href='https:\/\/saoluiz.uri.br\/wordpress\/index.php\/2019\/03\/25\/alunos-da-escola-de-educacao-basica-da-uri-realizam-visitas-no-centro-da-cidade-de-sao-luiz-gonzaga\/12-7\/'><img loading=\"lazy\" decoding=\"async\" width=\"150\" height=\"150\" src=\"https:\/\/saoluiz.uri.br\/wordpress\/wp-content\/uploads\/2019\/03\/12-150x150.jpeg\" class=\"attachment-thumbnail size-thumbnail\" alt=\"\" \/><\/a>\n\t\t\t<\/div><\/figure>\n\t\t<\/div>\n\n","protected":false},"excerpt":{"rendered":"<p>Na sexta-feira, dia 15 de mar\u00e7o, os alunos da turma do 6\u00ba Ano dos Anos Finais do Ensino Fundamental da Escola de Educa\u00e7\u00e3o B\u00e1sica da URI &#8211; S\u00e3o Luiz Gonzaga realizaram visitas na Pra\u00e7a Central, Igreja Matriz, Instituto Hist\u00f3rico e Geogr\u00e1fico (exposi\u00e7\u00e3o de fotos antigas x atuais), Pra\u00e7a C\u00edcero Cavalheiro e Museu Arqueol\u00f3gico. As visitas [&hellip;]<\/p>\n","protected":false},"author":6,"featured_media":12229,"comment_status":"open","ping_status":"open","sticky":false,"template":"","format":"standard","meta":{"footnotes":""},"categories":[3,5,1],"tags":[97,111,45,34],"class_list":["post-12217","post","type-post","status-publish","format-standard","has-post-thumbnail","hentry","category-destaques","category-escola-basica","category-noticias","tag-escola-basica","tag-escola-da-uri","tag-sao-luiz-gonzaga","tag-uri"],"_links":{"self":[{"href":"https:\/\/saoluiz.uri.br\/wordpress\/index.php\/wp-json\/wp\/v2\/posts\/12217","targetHints":{"allow":["GET"]}}],"collection":[{"href":"https:\/\/saoluiz.uri.br\/wordpress\/index.php\/wp-json\/wp\/v2\/posts"}],"about":[{"href":"https:\/\/saoluiz.uri.br\/wordpress\/index.php\/wp-json\/wp\/v2\/types\/post"}],"author":[{"embeddable":true,"href":"https:\/\/saoluiz.uri.br\/wordpress\/index.php\/wp-json\/wp\/v2\/users\/6"}],"replies":[{"embeddable":true,"href":"https:\/\/saoluiz.uri.br\/wordpress\/index.php\/wp-json\/wp\/v2\/comments?post=12217"}],"version-history":[{"count":0,"href":"https:\/\/saoluiz.uri.br\/wordpress\/index.php\/wp-json\/wp\/v2\/posts\/12217\/revisions"}],"wp:featuredmedia":[{"embeddable":true,"href":"https:\/\/saoluiz.uri.br\/wordpress\/index.php\/wp-json\/wp\/v2\/media\/12229"}],"wp:attachment":[{"href":"https:\/\/saoluiz.uri.br\/wordpress\/index.php\/wp-json\/wp\/v2\/media?parent=12217"}],"wp:term":[{"taxonomy":"category","embeddable":true,"href":"https:\/\/saoluiz.uri.br\/wordpress\/index.php\/wp-json\/wp\/v2\/categories?post=12217"},{"taxonomy":"post_tag","embeddable":true,"href":"https:\/\/saoluiz.uri.br\/wordpress\/index.php\/wp-json\/wp\/v2\/tags?post=12217"}],"curies":[{"name":"wp","href":"https:\/\/api.w.org\/{rel}","templated":true}]}}