{"id":12058,"date":"2019-02-15T14:52:26","date_gmt":"2019-02-15T17:52:26","guid":{"rendered":"https:\/\/saoluiz.uri.br\/wordpress\/?p=12058"},"modified":"2019-02-28T14:53:06","modified_gmt":"2019-02-28T17:53:06","slug":"curso-de-mediacao-escolar","status":"publish","type":"post","link":"https:\/\/saoluiz.uri.br\/wordpress\/index.php\/2019\/02\/15\/curso-de-mediacao-escolar\/","title":{"rendered":"Curso de Media\u00e7\u00e3o Escolar"},"content":{"rendered":"<table>\n<tbody>\n<tr>\n<td><strong>Projeto:<\/strong><\/td>\n<td>Curso de Media\u00e7\u00e3o Escolar<\/td>\n<\/tr>\n<tr>\n<td><strong>Professores que atuar\u00e3o no curso:<\/strong><\/td>\n<td width=\"441\">Cristiane Menna Barreto Azambuja<\/p>\n<p>Juliana Bedin Grando<\/td>\n<\/tr>\n<tr>\n<td width=\"124\"><strong>Chamada para site e redes sociais:<\/strong><\/td>\n<td><\/td>\n<\/tr>\n<tr>\n<td><strong>Descri\u00e7\u00e3o detalhada do curso:<\/strong><\/td>\n<td>Oportunizar o Curso de Media\u00e7\u00e3o Escolar, com vistas a promover o debate acerca da tem\u00e1tica da media\u00e7\u00e3o no \u00e2mbito das escolas, buscando aprofundar os conhecimentos sobre a media\u00e7\u00e3o, sua forma de realiza\u00e7\u00e3o e possibilidades de aplica\u00e7\u00e3o no ambiente escolar.<\/td>\n<\/tr>\n<tr>\n<td><strong>Metodologia:<\/strong><\/td>\n<td>O curso ser\u00e1 operacionalizado por m\u00f3dulos, contemplando os cinco temas previstos, em conformidade com o cronograma.<\/td>\n<\/tr>\n<tr>\n<td><strong>Carga-hor\u00e1ria:<\/strong><\/td>\n<td>20 h<\/td>\n<\/tr>\n<tr>\n<td><strong>Investimento:<\/strong><\/td>\n<td>R$ 250,00<\/td>\n<\/tr>\n<\/tbody>\n<\/table>\n<p>&nbsp;<\/p>\n<p>&nbsp;<\/p>\n<p>&nbsp;<\/p>\n","protected":false},"excerpt":{"rendered":"<p>Projeto: Curso de Media\u00e7\u00e3o Escolar Professores que atuar\u00e3o no curso: Cristiane Menna Barreto Azambuja Juliana Bedin Grando Chamada para site e redes sociais: Descri\u00e7\u00e3o detalhada do curso: Oportunizar o Curso de Media\u00e7\u00e3o Escolar, com vistas a promover o debate acerca da tem\u00e1tica da media\u00e7\u00e3o no \u00e2mbito das escolas, buscando aprofundar os conhecimentos sobre a media\u00e7\u00e3o, [&hellip;]<\/p>\n","protected":false},"author":1,"featured_media":12059,"comment_status":"open","ping_status":"open","sticky":false,"template":"","format":"standard","meta":{"footnotes":""},"categories":[102],"tags":[],"class_list":["post-12058","post","type-post","status-publish","format-standard","has-post-thumbnail","hentry","category-8formacao-pessoal"],"_links":{"self":[{"href":"https:\/\/saoluiz.uri.br\/wordpress\/index.php\/wp-json\/wp\/v2\/posts\/12058","targetHints":{"allow":["GET"]}}],"collection":[{"href":"https:\/\/saoluiz.uri.br\/wordpress\/index.php\/wp-json\/wp\/v2\/posts"}],"about":[{"href":"https:\/\/saoluiz.uri.br\/wordpress\/index.php\/wp-json\/wp\/v2\/types\/post"}],"author":[{"embeddable":true,"href":"https:\/\/saoluiz.uri.br\/wordpress\/index.php\/wp-json\/wp\/v2\/users\/1"}],"replies":[{"embeddable":true,"href":"https:\/\/saoluiz.uri.br\/wordpress\/index.php\/wp-json\/wp\/v2\/comments?post=12058"}],"version-history":[{"count":0,"href":"https:\/\/saoluiz.uri.br\/wordpress\/index.php\/wp-json\/wp\/v2\/posts\/12058\/revisions"}],"wp:featuredmedia":[{"embeddable":true,"href":"https:\/\/saoluiz.uri.br\/wordpress\/index.php\/wp-json\/wp\/v2\/media\/12059"}],"wp:attachment":[{"href":"https:\/\/saoluiz.uri.br\/wordpress\/index.php\/wp-json\/wp\/v2\/media?parent=12058"}],"wp:term":[{"taxonomy":"category","embeddable":true,"href":"https:\/\/saoluiz.uri.br\/wordpress\/index.php\/wp-json\/wp\/v2\/categories?post=12058"},{"taxonomy":"post_tag","embeddable":true,"href":"https:\/\/saoluiz.uri.br\/wordpress\/index.php\/wp-json\/wp\/v2\/tags?post=12058"}],"curies":[{"name":"wp","href":"https:\/\/api.w.org\/{rel}","templated":true}]}}