{"id":12015,"date":"2019-02-21T15:08:04","date_gmt":"2019-02-21T18:08:04","guid":{"rendered":"https:\/\/saoluiz.uri.br\/wordpress\/?p=12015"},"modified":"2019-02-21T15:08:04","modified_gmt":"2019-02-21T18:08:04","slug":"equipe-da-escola-da-uri-slg-em-constante-aperfeicoamento","status":"publish","type":"post","link":"https:\/\/saoluiz.uri.br\/wordpress\/index.php\/2019\/02\/21\/equipe-da-escola-da-uri-slg-em-constante-aperfeicoamento\/","title":{"rendered":"Equipe da escola da URI-SLG em constante aperfei\u00e7oamento"},"content":{"rendered":"<figure id=\"attachment_12019\" aria-describedby=\"caption-attachment-12019\" style=\"width: 1024px\" class=\"wp-caption alignnone\"><a href=\"https:\/\/saoluiz.uri.br\/wordpress\/wp-content\/uploads\/2019\/02\/WhatsApp-Image-2019-02-20-at-14.31.15.jpeg\"><img loading=\"lazy\" decoding=\"async\" class=\"wp-image-12019 size-large\" src=\"https:\/\/saoluiz.uri.br\/wordpress\/wp-content\/uploads\/2019\/02\/WhatsApp-Image-2019-02-20-at-14.31.15-1024x542.jpeg\" alt=\"\" width=\"1024\" height=\"542\" srcset=\"https:\/\/saoluiz.uri.br\/wordpress\/wp-content\/uploads\/2019\/02\/WhatsApp-Image-2019-02-20-at-14.31.15-1024x542.jpeg 1024w, https:\/\/saoluiz.uri.br\/wordpress\/wp-content\/uploads\/2019\/02\/WhatsApp-Image-2019-02-20-at-14.31.15-300x159.jpeg 300w, https:\/\/saoluiz.uri.br\/wordpress\/wp-content\/uploads\/2019\/02\/WhatsApp-Image-2019-02-20-at-14.31.15-768x406.jpeg 768w, https:\/\/saoluiz.uri.br\/wordpress\/wp-content\/uploads\/2019\/02\/WhatsApp-Image-2019-02-20-at-14.31.15.jpeg 1280w\" sizes=\"auto, (max-width: 1024px) 100vw, 1024px\" \/><\/a><figcaption id=\"caption-attachment-12019\" class=\"wp-caption-text\">Equipe de professores da Escola B\u00e1sica da URI<\/figcaption><\/figure>\n<p>Nos dias 14 e 15 de fevereiro, os professores da Escola B\u00e1sica da URI &#8211; S\u00e3o Luiz Gonzaga participaram do <strong>Circuito de Atualiza\u00e7\u00e3o Docente\/2019.<\/strong> \u00a0A diretora da Escola, professora Jerusa Dutra Schreiner, e a vice-diretora, professora Elis\u00e2ngela Garcia dos Anjos, coordenaram a abertura do evento, recepcionando os colegas professores com caf\u00e9 da manh\u00e3, para demonstrar a import\u00e2ncia de celebrar a vida.<\/p>\n<p>Na sequ\u00eancia, ocorreu a palestra \u201cCriatividade e Inova\u00e7\u00e3o: metodologias e ferramentas\u201d, com a professora M\u00e1rcia Almeida, da UNIJU\u00cd. No segundo dia da programa\u00e7\u00e3o, a psic\u00f3loga Lizandra Andrade do Nascimento prop\u00f4s a reflex\u00e3o acerca do texto \u201cSorte, Iniciativa e \u00c9tica\u201d, de Mario S\u00e9rgio Cortella. A professora Lizandra tamb\u00e9m explanou sobre a Felicidade no Trabalho, aplicando um teste Escala de \u00c2ncoras de Carreira, para que os participantes avaliem quais s\u00e3o os principais pontos de apoio do sucesso profissional de cada um.<\/p>\n<p>A Diretora Geral, professora Dinara Bortoli Tomasi deu as boas-vindas ao grupo de professores e abordou quest\u00f5es relacionadas \u00e0 educa\u00e7\u00e3o. Em seguida foram tratados assuntos referentes ao planejamento anual, organiza\u00e7\u00e3o escolar, Base Nacional Comum Curricular (BNCC) e a realiza\u00e7\u00e3o dos encontros por \u00e1reas de conhecimento e n\u00edveis escolares.<\/p>\n<p>A equipe da Escola de Educa\u00e7\u00e3o B\u00e1sica da URI-SLG, fortalece a cada ano a convic\u00e7\u00e3o de que a educa\u00e7\u00e3o de qualidade demanda o empenho conjunto e a permanente busca por atualiza\u00e7\u00e3o e aprimoramento.<\/p>\n<figure id=\"attachment_12017\" aria-describedby=\"caption-attachment-12017\" style=\"width: 1013px\" class=\"wp-caption alignnone\"><a href=\"https:\/\/saoluiz.uri.br\/wordpress\/wp-content\/uploads\/2019\/02\/WhatsApp-Image-2019-02-20-at-14.31.58.jpeg\"><img loading=\"lazy\" decoding=\"async\" class=\"wp-image-12017 size-large\" src=\"https:\/\/saoluiz.uri.br\/wordpress\/wp-content\/uploads\/2019\/02\/WhatsApp-Image-2019-02-20-at-14.31.58-1013x1024.jpeg\" alt=\"\" width=\"1013\" height=\"1024\" srcset=\"https:\/\/saoluiz.uri.br\/wordpress\/wp-content\/uploads\/2019\/02\/WhatsApp-Image-2019-02-20-at-14.31.58-1013x1024.jpeg 1013w, https:\/\/saoluiz.uri.br\/wordpress\/wp-content\/uploads\/2019\/02\/WhatsApp-Image-2019-02-20-at-14.31.58-297x300.jpeg 297w, https:\/\/saoluiz.uri.br\/wordpress\/wp-content\/uploads\/2019\/02\/WhatsApp-Image-2019-02-20-at-14.31.58-768x776.jpeg 768w, https:\/\/saoluiz.uri.br\/wordpress\/wp-content\/uploads\/2019\/02\/WhatsApp-Image-2019-02-20-at-14.31.58.jpeg 1266w\" sizes=\"auto, (max-width: 1013px) 100vw, 1013px\" \/><\/a><figcaption id=\"caption-attachment-12017\" class=\"wp-caption-text\">M\u00e1rcia Almeida abordou criatividade e inova\u00e7\u00e3o<\/figcaption><\/figure>\n<p>&nbsp;<\/p>\n","protected":false},"excerpt":{"rendered":"<p>Nos dias 14 e 15 de fevereiro, os professores da Escola B\u00e1sica da URI &#8211; S\u00e3o Luiz Gonzaga participaram do Circuito de Atualiza\u00e7\u00e3o Docente\/2019. \u00a0A diretora da Escola, professora Jerusa Dutra Schreiner, e a vice-diretora, professora Elis\u00e2ngela Garcia dos Anjos, coordenaram a abertura do evento, recepcionando os colegas professores com caf\u00e9 da manh\u00e3, para demonstrar [&hellip;]<\/p>\n","protected":false},"author":6,"featured_media":12019,"comment_status":"open","ping_status":"open","sticky":false,"template":"","format":"standard","meta":{"footnotes":""},"categories":[3,5,1],"tags":[97,55,45,34,63],"class_list":["post-12015","post","type-post","status-publish","format-standard","has-post-thumbnail","hentry","category-destaques","category-escola-basica","category-noticias","tag-escola-basica","tag-formacao","tag-sao-luiz-gonzaga","tag-uri","tag-uri-slg"],"_links":{"self":[{"href":"https:\/\/saoluiz.uri.br\/wordpress\/index.php\/wp-json\/wp\/v2\/posts\/12015","targetHints":{"allow":["GET"]}}],"collection":[{"href":"https:\/\/saoluiz.uri.br\/wordpress\/index.php\/wp-json\/wp\/v2\/posts"}],"about":[{"href":"https:\/\/saoluiz.uri.br\/wordpress\/index.php\/wp-json\/wp\/v2\/types\/post"}],"author":[{"embeddable":true,"href":"https:\/\/saoluiz.uri.br\/wordpress\/index.php\/wp-json\/wp\/v2\/users\/6"}],"replies":[{"embeddable":true,"href":"https:\/\/saoluiz.uri.br\/wordpress\/index.php\/wp-json\/wp\/v2\/comments?post=12015"}],"version-history":[{"count":0,"href":"https:\/\/saoluiz.uri.br\/wordpress\/index.php\/wp-json\/wp\/v2\/posts\/12015\/revisions"}],"wp:featuredmedia":[{"embeddable":true,"href":"https:\/\/saoluiz.uri.br\/wordpress\/index.php\/wp-json\/wp\/v2\/media\/12019"}],"wp:attachment":[{"href":"https:\/\/saoluiz.uri.br\/wordpress\/index.php\/wp-json\/wp\/v2\/media?parent=12015"}],"wp:term":[{"taxonomy":"category","embeddable":true,"href":"https:\/\/saoluiz.uri.br\/wordpress\/index.php\/wp-json\/wp\/v2\/categories?post=12015"},{"taxonomy":"post_tag","embeddable":true,"href":"https:\/\/saoluiz.uri.br\/wordpress\/index.php\/wp-json\/wp\/v2\/tags?post=12015"}],"curies":[{"name":"wp","href":"https:\/\/api.w.org\/{rel}","templated":true}]}}