{"id":12007,"date":"2019-02-21T14:56:22","date_gmt":"2019-02-21T17:56:22","guid":{"rendered":"https:\/\/saoluiz.uri.br\/wordpress\/?p=12007"},"modified":"2019-02-21T15:02:43","modified_gmt":"2019-02-21T18:02:43","slug":"escola-da-uri-slg-recepciona-alunos-com-entusiasmo","status":"publish","type":"post","link":"https:\/\/saoluiz.uri.br\/wordpress\/index.php\/2019\/02\/21\/escola-da-uri-slg-recepciona-alunos-com-entusiasmo\/","title":{"rendered":"Escola da URI-SLG recepciona alunos com entusiasmo"},"content":{"rendered":"<figure id=\"attachment_12010\" aria-describedby=\"caption-attachment-12010\" style=\"width: 1024px\" class=\"wp-caption alignnone\"><a href=\"https:\/\/saoluiz.uri.br\/wordpress\/wp-content\/uploads\/2019\/02\/3.png\"><img loading=\"lazy\" decoding=\"async\" class=\"wp-image-12010 size-large\" src=\"https:\/\/saoluiz.uri.br\/wordpress\/wp-content\/uploads\/2019\/02\/3-1024x723.png\" alt=\"\" width=\"1024\" height=\"723\" srcset=\"https:\/\/saoluiz.uri.br\/wordpress\/wp-content\/uploads\/2019\/02\/3-1024x723.png 1024w, https:\/\/saoluiz.uri.br\/wordpress\/wp-content\/uploads\/2019\/02\/3-300x212.png 300w, https:\/\/saoluiz.uri.br\/wordpress\/wp-content\/uploads\/2019\/02\/3-768x542.png 768w, https:\/\/saoluiz.uri.br\/wordpress\/wp-content\/uploads\/2019\/02\/3.png 1253w\" sizes=\"auto, (max-width: 1024px) 100vw, 1024px\" \/><\/a><figcaption id=\"caption-attachment-12010\" class=\"wp-caption-text\">Volta \u00e0s Aulas 2019 foi marcada pela alegria do reencontro<\/figcaption><\/figure>\n<p>Nesta segunda-feira, 18 de fevereiro, teve in\u00edcio o ano letivo 2019, na Escola de Educa\u00e7\u00e3o B\u00e1sica da URI &#8211; S\u00e3o Luiz Gonzaga. A volta \u00e0s aulas marca n\u00e3o apenas a despedida do clima de f\u00e9rias, mas, principalmente, a expectativa de 200 dias letivos repletos de oportunidades de aprendizagem e de conviv\u00eancia agrad\u00e1vel com professores e colegas.<\/p>\n<p>A equipe da URI-SLG preparou, com muito carinho e dedica\u00e7\u00e3o, a acolhida dos estudantes, recebendo as crian\u00e7as, os jovens e os familiares, com alegria e entusiasmo. Isso porque, o primeiro dia de aula de cada ano torna-se inesquec\u00edvel, na trajet\u00f3ria estudantil, devido \u00e0 felicidade do reencontro e \u00e0 ansiedade para rever os colegas, os professores e manusear o novos materiais escolares.<\/p>\n<p>No primeiro dia de aula, ap\u00f3s a acolhida dos alunos, pelos professores, nas salas de aulas, aconteceu o Show da Dorinha. Na quarta-feira, 20, os alunos do turno da manh\u00e3, foram recepcionados pela Diretora Geral, professora Dinara Bortoli Tomasi, que trouxe uma mensagem de boas-vindas e de incentivo aos estudos. Em seguida, a Diretora da Escola, professora Jerusa Dutra Schreiner anunciou a participa\u00e7\u00e3o do Teatro do Biribinha, encerrando a atividade com sess\u00e3o de fotos da dire\u00e7\u00e3o e professores, dos alunos e dos funcion\u00e1rios.<\/p>\n<p>Conforme a Coordenadora Rosa Carine Menezes, desde a Educa\u00e7\u00e3o Infantil ao Ensino M\u00e9dio, os alunos da Escola B\u00e1sica da URI-SLG s\u00e3o considerados \u00fanicos e singulares, dispensando-se a eles um atendimento personalizado, pautado no respeito e na valoriza\u00e7\u00e3o das potencialidades de cada um.<\/p>\n<p>Nos pr\u00f3ximos dias, seguem as atividades voltadas \u00e0 retomada dos estudos e \u00e0 mobiliza\u00e7\u00e3o dos estudantes, a fim de que esse seja um ano rico e proveitoso, tanto para a constru\u00e7\u00e3o de conhecimento quanto para o fortalecimento da amizade. Especialmente porque, a URI-SLG segue com o prop\u00f3sito de contribuir para todos sejam mais felizes.<\/p>\n<p><a href=\"https:\/\/saoluiz.uri.br\/wordpress\/wp-content\/uploads\/2019\/02\/1.png\"><img loading=\"lazy\" decoding=\"async\" class=\"alignnone size-large wp-image-12008\" src=\"https:\/\/saoluiz.uri.br\/wordpress\/wp-content\/uploads\/2019\/02\/1-1024x558.png\" alt=\"\" width=\"1024\" height=\"558\" srcset=\"https:\/\/saoluiz.uri.br\/wordpress\/wp-content\/uploads\/2019\/02\/1-1024x558.png 1024w, https:\/\/saoluiz.uri.br\/wordpress\/wp-content\/uploads\/2019\/02\/1-300x163.png 300w, https:\/\/saoluiz.uri.br\/wordpress\/wp-content\/uploads\/2019\/02\/1-768x418.png 768w, https:\/\/saoluiz.uri.br\/wordpress\/wp-content\/uploads\/2019\/02\/1.png 1280w\" sizes=\"auto, (max-width: 1024px) 100vw, 1024px\" \/><\/a><\/p>\n<p><a href=\"https:\/\/saoluiz.uri.br\/wordpress\/wp-content\/uploads\/2019\/02\/4.png\"><img loading=\"lazy\" decoding=\"async\" class=\"alignnone size-large wp-image-12011\" src=\"https:\/\/saoluiz.uri.br\/wordpress\/wp-content\/uploads\/2019\/02\/4-1024x624.png\" alt=\"\" width=\"1024\" height=\"624\" srcset=\"https:\/\/saoluiz.uri.br\/wordpress\/wp-content\/uploads\/2019\/02\/4-1024x624.png 1024w, https:\/\/saoluiz.uri.br\/wordpress\/wp-content\/uploads\/2019\/02\/4-300x183.png 300w, https:\/\/saoluiz.uri.br\/wordpress\/wp-content\/uploads\/2019\/02\/4-768x468.png 768w, https:\/\/saoluiz.uri.br\/wordpress\/wp-content\/uploads\/2019\/02\/4.png 1280w\" sizes=\"auto, (max-width: 1024px) 100vw, 1024px\" \/><\/a><\/p>\n<p><a href=\"https:\/\/saoluiz.uri.br\/wordpress\/wp-content\/uploads\/2019\/02\/5.png\"><img loading=\"lazy\" decoding=\"async\" class=\"alignnone size-large wp-image-12012\" src=\"https:\/\/saoluiz.uri.br\/wordpress\/wp-content\/uploads\/2019\/02\/5-1024x646.png\" alt=\"\" width=\"1024\" height=\"646\" srcset=\"https:\/\/saoluiz.uri.br\/wordpress\/wp-content\/uploads\/2019\/02\/5-1024x646.png 1024w, https:\/\/saoluiz.uri.br\/wordpress\/wp-content\/uploads\/2019\/02\/5-300x189.png 300w, https:\/\/saoluiz.uri.br\/wordpress\/wp-content\/uploads\/2019\/02\/5-768x484.png 768w, https:\/\/saoluiz.uri.br\/wordpress\/wp-content\/uploads\/2019\/02\/5.png 1280w\" sizes=\"auto, (max-width: 1024px) 100vw, 1024px\" \/><\/a><\/p>\n","protected":false},"excerpt":{"rendered":"<p>Nesta segunda-feira, 18 de fevereiro, teve in\u00edcio o ano letivo 2019, na Escola de Educa\u00e7\u00e3o B\u00e1sica da URI &#8211; S\u00e3o Luiz Gonzaga. A volta \u00e0s aulas marca n\u00e3o apenas a despedida do clima de f\u00e9rias, mas, principalmente, a expectativa de 200 dias letivos repletos de oportunidades de aprendizagem e de conviv\u00eancia agrad\u00e1vel com professores e [&hellip;]<\/p>\n","protected":false},"author":6,"featured_media":12010,"comment_status":"open","ping_status":"open","sticky":false,"template":"","format":"standard","meta":{"footnotes":""},"categories":[3,5,1],"tags":[97,45,34,63],"class_list":["post-12007","post","type-post","status-publish","format-standard","has-post-thumbnail","hentry","category-destaques","category-escola-basica","category-noticias","tag-escola-basica","tag-sao-luiz-gonzaga","tag-uri","tag-uri-slg"],"_links":{"self":[{"href":"https:\/\/saoluiz.uri.br\/wordpress\/index.php\/wp-json\/wp\/v2\/posts\/12007","targetHints":{"allow":["GET"]}}],"collection":[{"href":"https:\/\/saoluiz.uri.br\/wordpress\/index.php\/wp-json\/wp\/v2\/posts"}],"about":[{"href":"https:\/\/saoluiz.uri.br\/wordpress\/index.php\/wp-json\/wp\/v2\/types\/post"}],"author":[{"embeddable":true,"href":"https:\/\/saoluiz.uri.br\/wordpress\/index.php\/wp-json\/wp\/v2\/users\/6"}],"replies":[{"embeddable":true,"href":"https:\/\/saoluiz.uri.br\/wordpress\/index.php\/wp-json\/wp\/v2\/comments?post=12007"}],"version-history":[{"count":0,"href":"https:\/\/saoluiz.uri.br\/wordpress\/index.php\/wp-json\/wp\/v2\/posts\/12007\/revisions"}],"wp:featuredmedia":[{"embeddable":true,"href":"https:\/\/saoluiz.uri.br\/wordpress\/index.php\/wp-json\/wp\/v2\/media\/12010"}],"wp:attachment":[{"href":"https:\/\/saoluiz.uri.br\/wordpress\/index.php\/wp-json\/wp\/v2\/media?parent=12007"}],"wp:term":[{"taxonomy":"category","embeddable":true,"href":"https:\/\/saoluiz.uri.br\/wordpress\/index.php\/wp-json\/wp\/v2\/categories?post=12007"},{"taxonomy":"post_tag","embeddable":true,"href":"https:\/\/saoluiz.uri.br\/wordpress\/index.php\/wp-json\/wp\/v2\/tags?post=12007"}],"curies":[{"name":"wp","href":"https:\/\/api.w.org\/{rel}","templated":true}]}}